{"id":792,"date":"2019-10-02T12:27:53","date_gmt":"2019-10-02T16:27:53","guid":{"rendered":"https:\/\/anmpe.cl\/?p=792"},"modified":"2021-02-08T09:49:36","modified_gmt":"2021-02-08T13:49:36","slug":"quien-fue-lenka-franulic","status":"publish","type":"post","link":"https:\/\/anmpe.cl\/index.php\/2019\/10\/02\/quien-fue-lenka-franulic\/","title":{"rendered":"\u00bfQui\u00e9n fue Lenka Franulic?"},"content":{"rendered":"\n<p>\u201cEras\npresencia de mujeres y lecci\u00f3n para un mill\u00f3n de hombres\u2026\u201d le dijo Neruda a\nLenka Franulic en su partida. Y la frase qued\u00f3 grabada en su l\u00e1pida bajo una\ncabeza en piedra esculpida por Lily Garafulic.<\/p>\n\n\n\n<div class=\"wp-block-image\"><figure class=\"alignright is-resized\"><img loading=\"lazy\" decoding=\"async\" src=\"https:\/\/anmpe.cl\/wp-content\/uploads\/2019\/10\/h578a2c74d0be4c015f1d.jpg\" alt=\"\" class=\"wp-image-794\" width=\"238\" height=\"315\" srcset=\"https:\/\/anmpe.cl\/wp-content\/uploads\/2019\/10\/h578a2c74d0be4c015f1d.jpg 491w, https:\/\/anmpe.cl\/wp-content\/uploads\/2019\/10\/h578a2c74d0be4c015f1d-227x300.jpg 227w\" sizes=\"auto, (max-width: 238px) 100vw, 238px\" \/><figcaption>Lenka Franulic<\/figcaption><\/figure><\/div>\n\n\n\n<p>Croata de\ntomo y lomo, Lenka Franulic &nbsp;naci\u00f3 en\n1908 en Antofagasta y s\u00f3lo lleg\u00f3 a Santiago para estudiar Ingl\u00e9s en el\nInstituto Pedag\u00f3gico de la Universidad de Chile, dominio que le abri\u00f3 camino al\nmundo de las revistas, primero como traductora, luego como articulista,\nbrillante entrevistadora despu\u00e9s y finalmente directora de varios medios de la\n\u00e9poca. <\/p>\n\n\n\n<p>Las radios\nNuevo Mundo, Nacional, Cooperativa, Agricultura y Miner\u00eda conocieron de su\nagudeza como reportera. Pero fue en la revista Ercilla donde despleg\u00f3 sus\nmejores artes de entrevistadora. Jean Paul Sartre, Simone de Beauvoir, el\nMariscal Tito, Juan Domingo Per\u00f3n, Eleanor Roosevelt, Fidel Castro, Anastasio\nSomoza, Andr\u00e9 Malraux, Salvador Dal\u00ed y Thomas Mann figuran entre sus m\u00e1s\nnotables entrevistados internacionales. En Chile, valga solo decir que\nentrevist\u00f3 a tres Presidentes de la Rep\u00fablica \u2013Gabriel Gonz\u00e1lez Videla, Carlos\nIb\u00e1\u00f1ez del Campo y Jorge Alessandri Rodr\u00edguez- y a nuestros dos Premios Nobel\nde Literatura: Gabriela Mistral y Pablo Neruda.<\/p>\n\n\n\n<p>Escribi\u00f3 dos\nlibros destacados como obras indispensables por la intelectualidad de la \u00e9poca:\n\u201cCien autores contempor\u00e1neos\u201d (1939) y \u201cAntolog\u00eda del cuento norteamericano\u201d\n(1943), pero fue el periodismo el oficio que le bebi\u00f3 el alma.<\/p>\n\n\n\n<p>Junto con su\namigo y colega Orlando Cabrera Leiva cre\u00f3 el C\u00edrculo de Periodistas de Santiago\ny desde all\u00ed empuj\u00f3 la creaci\u00f3n de la Escuela de Periodismo de la Universidad\nde Chile, donde fue profesora de Periodismo Informativo. Una de sus alumnas,\nMar\u00eda Eugenia Oyarz\u00fan, recuerda sus palabras en el primer d\u00eda de clases: \u201cEl\nPeriodismo no es un juego, y m\u00e1s que una vocaci\u00f3n es un don; es una profesi\u00f3n\nmaravillosa, pero muy sacrificada\u2026\u201d<\/p>\n\n\n\n<p>Lenka \u2013Elena\nen castellano- trabajaba sin descanso, siempre aferrada a su peque\u00f1a m\u00e1quina de\nescribir y a las dos cajetillas de Camel que fumaba a diario. Nunca tuvo tiempo\npara grandes amores, ni menos para hijos, aunque m\u00e1s de alguna vez se rumore\u00f3\nque fue el amor plat\u00f3nico de Alessandri. <\/p>\n\n\n\n<p>Mujer\nbuenamoza, femenina y con desplante hollywoodense, dec\u00edan sus compa\u00f1eros de\nentonces. Mezcla de Greta Garbo y Edith Piaf, como la describi\u00f3 un art\u00edculo de\nLa Tercera tras obtener el Premio Nacional de Periodismo, Menci\u00f3n Cr\u00f3nica, en\n1957. No obstante, ella parec\u00eda ajena a los admiradores que la rondaban;\nprefer\u00eda los libros, los viajes, los gatos, las noches de bohemia y epatar con\nsus opiniones feministas que ca\u00edan como bombas de racimo en los o\u00eddos de sus\ncolegas varones.<\/p>\n\n\n\n<p>El premio\nque sigui\u00f3 se lo otorg\u00f3 la Sociedad Profesional de Mujeres Periodistas de los\nEstados Unidos: la aclamaron como la Mejor Periodista de 1958. Una vez m\u00e1s la\nsorprend\u00eda el reconocimiento a su trabajo, lo acepto con humildad y \u201cni\nsiquiera celebr\u00f3\u201d, dijo entonces otro de sus grandes amigos: Hern\u00e1n Millas.<\/p>\n\n\n\n<p>A principios\nde 1960 asumi\u00f3 como directora de Ercilla, cargo en el que trabaj\u00f3\nincansablemente hasta pocos d\u00edas antes de su muerte, en mayo del 1961, v\u00edctima\nde un c\u00e1ncer de pulm\u00f3n. Desde Madrid, Tito Mundt la despidi\u00f3 dici\u00e9ndole: \u201cT\u00fa\nfuiste la \u00fanica que cre\u00f3, sin propon\u00e9rselo, un curioso movimiento pol\u00edtico de\nsimpat\u00eda personal que se llam\u00f3 \u2018lenkismo\u2019 y cuya consigna y ritos eran\nrespetados escrupulosamente por todos tus amigos\u201d.<\/p>\n\n\n\n<p>(Este texto\nfue escrito por la periodista <strong>Barbara\nHayes<\/strong>) <\/p>\n","protected":false},"excerpt":{"rendered":"<p>\u201cEras presencia de mujeres y lecci\u00f3n para un mill\u00f3n de hombres\u2026\u201d le dijo Neruda a Lenka Franulic en su partida. Y la frase qued\u00f3 grabada en su l\u00e1pida bajo una cabeza en piedra esculpida por Lily Garafulic. Croata de tomo y lomo, Lenka Franulic &nbsp;naci\u00f3 en 1908 en Antofagasta y s\u00f3lo lleg\u00f3 a Santiago para&#8230;<\/p>\n","protected":false},"author":1,"featured_media":793,"comment_status":"closed","ping_status":"open","sticky":false,"template":"","format":"standard","meta":{"_kadence_starter_templates_imported_post":false,"_kad_post_transparent":"","_kad_post_title":"","_kad_post_layout":"","_kad_post_sidebar_id":"","_kad_post_content_style":"","_kad_post_vertical_padding":"","_kad_post_feature":"","_kad_post_feature_position":"","_kad_post_header":false,"_kad_post_footer":false,"footnotes":""},"categories":[31],"tags":[],"class_list":["post-792","post","type-post","status-publish","format-standard","has-post-thumbnail","hentry","category-premios-de-periodismo"],"_links":{"self":[{"href":"https:\/\/anmpe.cl\/index.php\/wp-json\/wp\/v2\/posts\/792","targetHints":{"allow":["GET"]}}],"collection":[{"href":"https:\/\/anmpe.cl\/index.php\/wp-json\/wp\/v2\/posts"}],"about":[{"href":"https:\/\/anmpe.cl\/index.php\/wp-json\/wp\/v2\/types\/post"}],"author":[{"embeddable":true,"href":"https:\/\/anmpe.cl\/index.php\/wp-json\/wp\/v2\/users\/1"}],"replies":[{"embeddable":true,"href":"https:\/\/anmpe.cl\/index.php\/wp-json\/wp\/v2\/comments?post=792"}],"version-history":[{"count":1,"href":"https:\/\/anmpe.cl\/index.php\/wp-json\/wp\/v2\/posts\/792\/revisions"}],"predecessor-version":[{"id":795,"href":"https:\/\/anmpe.cl\/index.php\/wp-json\/wp\/v2\/posts\/792\/revisions\/795"}],"wp:featuredmedia":[{"embeddable":true,"href":"https:\/\/anmpe.cl\/index.php\/wp-json\/wp\/v2\/media\/793"}],"wp:attachment":[{"href":"https:\/\/anmpe.cl\/index.php\/wp-json\/wp\/v2\/media?parent=792"}],"wp:term":[{"taxonomy":"category","embeddable":true,"href":"https:\/\/anmpe.cl\/index.php\/wp-json\/wp\/v2\/categories?post=792"},{"taxonomy":"post_tag","embeddable":true,"href":"https:\/\/anmpe.cl\/index.php\/wp-json\/wp\/v2\/tags?post=792"}],"curies":[{"name":"wp","href":"https:\/\/api.w.org\/{rel}","templated":true}]}}