{"id":766,"date":"2019-10-08T12:08:40","date_gmt":"2019-10-08T16:08:40","guid":{"rendered":"https:\/\/anmpe.cl\/?p=766"},"modified":"2021-02-08T09:49:23","modified_gmt":"2021-02-08T13:49:23","slug":"nueva-directiva-de-anmp-realiza-su-jornada-estrategica","status":"publish","type":"post","link":"https:\/\/anmpe.cl\/index.php\/2019\/10\/08\/nueva-directiva-de-anmp-realiza-su-jornada-estrategica\/","title":{"rendered":"Nueva directiva de ANMP realiza su jornada estrat\u00e9gica"},"content":{"rendered":"\n<p>\u00abSer una comunidad de profesionales que busca convocar,\npotenciar, conectar y visibilizar el aporte de valor de las mujeres periodistas\nen la sociedad\u00bb. Esta ser\u00e1 la&nbsp;propuesta de valor con que trabajar\u00e1 en\nlos pr\u00f3ximos dos a\u00f1os la&nbsp;nueva directiva de la <strong>Asociaci\u00f3n Nacional de Mujeres Periodistas (ANMP)<\/strong>. <\/p>\n\n\n\n<p>En esta actividad se definieron objetivos, metas e\nindicadores que se trabajar\u00e1n a corto, mediano y largo plazo que les permitan\nalcanzar de manera concreta lo que quieren ofrecer a sus asociadas. <\/p>\n\n\n\n<p>A trav\u00e9s de la&nbsp; metodolog\u00eda de trabajo \u00abVuelta de\ntuerca\u00bb analizaron aspectos como el contexto global y local en que se\ninserta la ANMP; c\u00f3mo es vista por su p\u00fablico objetivo primario y secundario, a\nqui\u00e9nes se quiere llegar y cu\u00e1les son las mejores estrategias para lograrlo. <\/p>\n\n\n\n<p>En la jornada, que se realiz\u00f3 el 23 de agosto pasado, participaron\ntodas las integrantes de la directiva que preside <strong>Bernardita del Solar<\/strong>.<\/p>\n\n\n\n<ul class=\"wp-block-gallery columns-3 is-cropped wp-block-gallery-1 is-layout-flex wp-block-gallery-is-layout-flex\"><li class=\"blocks-gallery-item\"><figure><img loading=\"lazy\" decoding=\"async\" width=\"1024\" height=\"768\" src=\"https:\/\/anmpe.cl\/wp-content\/uploads\/2019\/10\/PHOTO-2019-08-23-22-50-11-1024x768.jpg\" alt=\"\" data-id=\"768\" data-link=\"https:\/\/anmpe.cl\/?attachment_id=768\" class=\"wp-image-768\" srcset=\"https:\/\/anmpe.cl\/wp-content\/uploads\/2019\/10\/PHOTO-2019-08-23-22-50-11-1024x768.jpg 1024w, https:\/\/anmpe.cl\/wp-content\/uploads\/2019\/10\/PHOTO-2019-08-23-22-50-11-300x225.jpg 300w, https:\/\/anmpe.cl\/wp-content\/uploads\/2019\/10\/PHOTO-2019-08-23-22-50-11-768x576.jpg 768w, https:\/\/anmpe.cl\/wp-content\/uploads\/2019\/10\/PHOTO-2019-08-23-22-50-11.jpg 1280w\" sizes=\"auto, (max-width: 1024px) 100vw, 1024px\" \/><\/figure><\/li><li class=\"blocks-gallery-item\"><figure><img loading=\"lazy\" decoding=\"async\" width=\"1024\" height=\"768\" src=\"https:\/\/anmpe.cl\/wp-content\/uploads\/2019\/10\/PHOTO-2019-08-23-22-50-13-1-1024x768.jpg\" alt=\"\" data-id=\"769\" data-link=\"https:\/\/anmpe.cl\/?attachment_id=769\" class=\"wp-image-769\" srcset=\"https:\/\/anmpe.cl\/wp-content\/uploads\/2019\/10\/PHOTO-2019-08-23-22-50-13-1-1024x768.jpg 1024w, https:\/\/anmpe.cl\/wp-content\/uploads\/2019\/10\/PHOTO-2019-08-23-22-50-13-1-300x225.jpg 300w, https:\/\/anmpe.cl\/wp-content\/uploads\/2019\/10\/PHOTO-2019-08-23-22-50-13-1-768x576.jpg 768w, https:\/\/anmpe.cl\/wp-content\/uploads\/2019\/10\/PHOTO-2019-08-23-22-50-13-1.jpg 1280w\" sizes=\"auto, (max-width: 1024px) 100vw, 1024px\" \/><\/figure><\/li><li class=\"blocks-gallery-item\"><figure><img loading=\"lazy\" decoding=\"async\" width=\"1024\" height=\"768\" src=\"https:\/\/anmpe.cl\/wp-content\/uploads\/2019\/10\/PHOTO-2019-08-23-22-50-08-1024x768.jpg\" alt=\"\" data-id=\"773\" data-link=\"https:\/\/anmpe.cl\/index.php\/2019\/10\/02\/nueva-directiva-de-anmp-realiza-su-jornada-estrategica\/photo-2019-08-23-22-50-08\/\" class=\"wp-image-773\"\/><\/figure><\/li><\/ul>\n","protected":false},"excerpt":{"rendered":"<p>\u00abSer una comunidad de profesionales que busca convocar, potenciar, conectar y visibilizar el aporte de valor de las mujeres periodistas en la sociedad\u00bb. Esta ser\u00e1 la&nbsp;propuesta de valor con que trabajar\u00e1 en los pr\u00f3ximos dos a\u00f1os la&nbsp;nueva directiva de la Asociaci\u00f3n Nacional de Mujeres Periodistas (ANMP). En esta actividad se definieron objetivos, metas e indicadores&#8230;<\/p>\n","protected":false},"author":1,"featured_media":773,"comment_status":"closed","ping_status":"open","sticky":false,"template":"","format":"standard","meta":{"_kadence_starter_templates_imported_post":false,"_kad_post_transparent":"","_kad_post_title":"","_kad_post_layout":"","_kad_post_sidebar_id":"","_kad_post_content_style":"","_kad_post_vertical_padding":"","_kad_post_feature":"","_kad_post_feature_position":"","_kad_post_header":false,"_kad_post_footer":false,"footnotes":""},"categories":[2],"tags":[],"class_list":["post-766","post","type-post","status-publish","format-standard","has-post-thumbnail","hentry","category-noticias"],"_links":{"self":[{"href":"https:\/\/anmpe.cl\/index.php\/wp-json\/wp\/v2\/posts\/766","targetHints":{"allow":["GET"]}}],"collection":[{"href":"https:\/\/anmpe.cl\/index.php\/wp-json\/wp\/v2\/posts"}],"about":[{"href":"https:\/\/anmpe.cl\/index.php\/wp-json\/wp\/v2\/types\/post"}],"author":[{"embeddable":true,"href":"https:\/\/anmpe.cl\/index.php\/wp-json\/wp\/v2\/users\/1"}],"replies":[{"embeddable":true,"href":"https:\/\/anmpe.cl\/index.php\/wp-json\/wp\/v2\/comments?post=766"}],"version-history":[{"count":4,"href":"https:\/\/anmpe.cl\/index.php\/wp-json\/wp\/v2\/posts\/766\/revisions"}],"predecessor-version":[{"id":994,"href":"https:\/\/anmpe.cl\/index.php\/wp-json\/wp\/v2\/posts\/766\/revisions\/994"}],"wp:featuredmedia":[{"embeddable":true,"href":"https:\/\/anmpe.cl\/index.php\/wp-json\/wp\/v2\/media\/773"}],"wp:attachment":[{"href":"https:\/\/anmpe.cl\/index.php\/wp-json\/wp\/v2\/media?parent=766"}],"wp:term":[{"taxonomy":"category","embeddable":true,"href":"https:\/\/anmpe.cl\/index.php\/wp-json\/wp\/v2\/categories?post=766"},{"taxonomy":"post_tag","embeddable":true,"href":"https:\/\/anmpe.cl\/index.php\/wp-json\/wp\/v2\/tags?post=766"}],"curies":[{"name":"wp","href":"https:\/\/api.w.org\/{rel}","templated":true}]}}