{"id":3264,"date":"2024-12-09T15:50:00","date_gmt":"2024-12-09T19:50:00","guid":{"rendered":"https:\/\/anmpe.cl\/?p=3264"},"modified":"2025-09-09T15:51:55","modified_gmt":"2025-09-09T19:51:55","slug":"mujeres-periodistas-plantean-propuestas-para-fortalecer-la-tv-publica-en-reunion-con-el-directorio-de-tvn","status":"publish","type":"post","link":"https:\/\/anmpe.cl\/index.php\/2024\/12\/09\/mujeres-periodistas-plantean-propuestas-para-fortalecer-la-tv-publica-en-reunion-con-el-directorio-de-tvn\/","title":{"rendered":"Mujeres periodistas plantean propuestas para fortalecer la TV P\u00fablica en reuni\u00f3n con el directorio de TVN"},"content":{"rendered":"\n<figure class=\"wp-block-image size-large\"><img loading=\"lazy\" decoding=\"async\" width=\"1024\" height=\"1024\" src=\"https:\/\/anmpe.cl\/wp-content\/uploads\/2025\/09\/FOTO-25--1024x1024.jpg\" alt=\"\" class=\"wp-image-3265\" srcset=\"https:\/\/anmpe.cl\/wp-content\/uploads\/2025\/09\/FOTO-25--1024x1024.jpg 1024w, https:\/\/anmpe.cl\/wp-content\/uploads\/2025\/09\/FOTO-25--300x300.jpg 300w, https:\/\/anmpe.cl\/wp-content\/uploads\/2025\/09\/FOTO-25--150x150.jpg 150w, https:\/\/anmpe.cl\/wp-content\/uploads\/2025\/09\/FOTO-25--768x768.jpg 768w, https:\/\/anmpe.cl\/wp-content\/uploads\/2025\/09\/FOTO-25-.jpg 1080w\" sizes=\"auto, (max-width: 1024px) 100vw, 1024px\" \/><\/figure>\n\n\n\n<p>La Asociaci\u00f3n Nacional de Mujeres Periodistas se reuni\u00f3 con el presidente del directorio de Televisi\u00f3n Nacional de Chile, Francisco Vidal, para conocer los desaf\u00edos actuales del canal p\u00fablico y plantear la necesidad de incorporar una Editora de G\u00e9nero, modernizar la programaci\u00f3n y asegurar un financiamiento sostenible.<\/p>\n\n\n\n<p>La Asociaci\u00f3n Nacional de Mujeres Periodistas (ANMPE) particip\u00f3 en un encuentro con el presidente del directorio de TVN, Francisco Vidal, donde se abordaron temas clave para el futuro del canal p\u00fablico, entre ellos el proyecto de ley que regula su funcionamiento, el modelo de financiamiento, la situaci\u00f3n financiera actual y los niveles de audiencia.<\/p>\n\n\n\n<p>Durante la reuni\u00f3n, la presidenta de la ANMPE, Patricia Alrringo, destac\u00f3 la importancia de avanzar hacia cambios profundos en la televisi\u00f3n p\u00fablica. En esa l\u00ednea, solicit\u00f3 la creaci\u00f3n de una Editora de G\u00e9nero, siguiendo modelos internacionales que permitan asegurar una cobertura inclusiva y con perspectiva de g\u00e9nero en la producci\u00f3n period\u00edstica. \u201cCreemos que los cambios profundos no vienen en el proyecto de ley. Estos di\u00e1logos son muy necesarios para aportar al debate sobre la existencia del canal p\u00fablico y su objetivo\u201d, se\u00f1al\u00f3.<\/p>\n\n\n\n<p>Alrringo tambi\u00e9n propuso la realizaci\u00f3n de un estudio de audiencias que permita redefinir la programaci\u00f3n, y enfatiz\u00f3 la necesidad de contar con un directorio experto y pluralista.<\/p>\n\n\n\n<p>Las periodistas asistentes coincidieron en la relevancia de mantener un canal p\u00fablico, pero plantearon la urgencia de modernizar la programaci\u00f3n, recuperar el \u00e1rea dram\u00e1tica como espacio para el talento nacional, y repensar la oferta cultural, m\u00e1s all\u00e1 de los programas de viajes. Asimismo, recalcaron la importancia de fortalecer el financiamiento sin desmedro de los medios regionales y comunitarios.<\/p>\n\n\n\n<p>La delegaci\u00f3n de la ANMPE estuvo integrada por Patricia Alrringo, Carola Z\u00fa\u00f1iga, Roc\u00edo Montes, Paulina Vega, Maritza Blanco, Francisca Su\u00e1rez, Mar\u00eda Elena Hermosilla, Estela Cabezas, Pamela Castro, Pamela Morales y Lorena Bustos, quienes valoraron el espacio de di\u00e1logo y la apertura del directorio de TVN.<\/p>\n\n\n\n<figure class=\"wp-block-image size-large\"><img loading=\"lazy\" decoding=\"async\" width=\"1024\" height=\"1024\" src=\"https:\/\/anmpe.cl\/wp-content\/uploads\/2025\/09\/FOTO-26-1024x1024.jpg\" alt=\"\" class=\"wp-image-3266\" srcset=\"https:\/\/anmpe.cl\/wp-content\/uploads\/2025\/09\/FOTO-26-1024x1024.jpg 1024w, https:\/\/anmpe.cl\/wp-content\/uploads\/2025\/09\/FOTO-26-300x300.jpg 300w, https:\/\/anmpe.cl\/wp-content\/uploads\/2025\/09\/FOTO-26-150x150.jpg 150w, https:\/\/anmpe.cl\/wp-content\/uploads\/2025\/09\/FOTO-26-768x768.jpg 768w, https:\/\/anmpe.cl\/wp-content\/uploads\/2025\/09\/FOTO-26.jpg 1080w\" sizes=\"auto, (max-width: 1024px) 100vw, 1024px\" \/><\/figure>\n","protected":false},"excerpt":{"rendered":"<p>La Asociaci\u00f3n Nacional de Mujeres Periodistas se reuni\u00f3 con el presidente del directorio de Televisi\u00f3n Nacional de Chile, Francisco Vidal, para conocer los desaf\u00edos actuales del canal p\u00fablico y plantear la necesidad de incorporar una Editora de G\u00e9nero, modernizar la programaci\u00f3n y asegurar un financiamiento sostenible. La Asociaci\u00f3n Nacional de Mujeres Periodistas (ANMPE) particip\u00f3 en&#8230;<\/p>\n","protected":false},"author":1,"featured_media":0,"comment_status":"closed","ping_status":"closed","sticky":false,"template":"","format":"standard","meta":{"_kadence_starter_templates_imported_post":false,"_kad_post_transparent":"","_kad_post_title":"","_kad_post_layout":"","_kad_post_sidebar_id":"","_kad_post_content_style":"","_kad_post_vertical_padding":"","_kad_post_feature":"","_kad_post_feature_position":"","_kad_post_header":false,"_kad_post_footer":false,"footnotes":""},"categories":[36],"tags":[],"class_list":["post-3264","post","type-post","status-publish","format-standard","hentry","category-comunicados-de-prensa"],"_links":{"self":[{"href":"https:\/\/anmpe.cl\/index.php\/wp-json\/wp\/v2\/posts\/3264","targetHints":{"allow":["GET"]}}],"collection":[{"href":"https:\/\/anmpe.cl\/index.php\/wp-json\/wp\/v2\/posts"}],"about":[{"href":"https:\/\/anmpe.cl\/index.php\/wp-json\/wp\/v2\/types\/post"}],"author":[{"embeddable":true,"href":"https:\/\/anmpe.cl\/index.php\/wp-json\/wp\/v2\/users\/1"}],"replies":[{"embeddable":true,"href":"https:\/\/anmpe.cl\/index.php\/wp-json\/wp\/v2\/comments?post=3264"}],"version-history":[{"count":1,"href":"https:\/\/anmpe.cl\/index.php\/wp-json\/wp\/v2\/posts\/3264\/revisions"}],"predecessor-version":[{"id":3267,"href":"https:\/\/anmpe.cl\/index.php\/wp-json\/wp\/v2\/posts\/3264\/revisions\/3267"}],"wp:attachment":[{"href":"https:\/\/anmpe.cl\/index.php\/wp-json\/wp\/v2\/media?parent=3264"}],"wp:term":[{"taxonomy":"category","embeddable":true,"href":"https:\/\/anmpe.cl\/index.php\/wp-json\/wp\/v2\/categories?post=3264"},{"taxonomy":"post_tag","embeddable":true,"href":"https:\/\/anmpe.cl\/index.php\/wp-json\/wp\/v2\/tags?post=3264"}],"curies":[{"name":"wp","href":"https:\/\/api.w.org\/{rel}","templated":true}]}}