{"id":3255,"date":"2024-09-13T15:42:00","date_gmt":"2024-09-13T19:42:00","guid":{"rendered":"https:\/\/anmpe.cl\/?p=3255"},"modified":"2025-09-09T15:44:39","modified_gmt":"2025-09-09T19:44:39","slug":"anmpe-participo-en-seminario-sobre-los-desafios-de-la-television-organizado-por-el-cntv","status":"publish","type":"post","link":"https:\/\/anmpe.cl\/index.php\/2024\/09\/13\/anmpe-participo-en-seminario-sobre-los-desafios-de-la-television-organizado-por-el-cntv\/","title":{"rendered":"ANMPE particip\u00f3 en seminario sobre los desaf\u00edos de la televisi\u00f3n organizado por el CNTV"},"content":{"rendered":"\n<figure class=\"wp-block-image size-large\"><img loading=\"lazy\" decoding=\"async\" width=\"1024\" height=\"768\" src=\"https:\/\/anmpe.cl\/wp-content\/uploads\/2025\/09\/FOTO-21-1024x768.jpg\" alt=\"\" class=\"wp-image-3256\" srcset=\"https:\/\/anmpe.cl\/wp-content\/uploads\/2025\/09\/FOTO-21-1024x768.jpg 1024w, https:\/\/anmpe.cl\/wp-content\/uploads\/2025\/09\/FOTO-21-300x225.jpg 300w, https:\/\/anmpe.cl\/wp-content\/uploads\/2025\/09\/FOTO-21-768x576.jpg 768w, https:\/\/anmpe.cl\/wp-content\/uploads\/2025\/09\/FOTO-21.jpg 1080w\" sizes=\"auto, (max-width: 1024px) 100vw, 1024px\" \/><\/figure>\n\n\n\n<p>La Asociaci\u00f3n Nacional de Mujeres Periodistas de Chile (ANMPE) particip\u00f3 en el seminario \u201cLos desaf\u00edos de la televisi\u00f3n en el mundo actual\u201d, organizado por el Consejo Nacional de Televisi\u00f3n (CNTV).<\/p>\n\n\n\n<p>La presidenta de ANMPE, Patricia Alrringo, valor\u00f3 el encuentro como un espacio de reflexi\u00f3n en torno a los inicios y contenidos de la televisi\u00f3n actual, as\u00ed como a los desaf\u00edos de la pol\u00edtica p\u00fablica. \u201cEn tiempos complejos para la TV y de las m\u00faltiples plataformas digitales que existen, el seminario fue un espacio de reflexi\u00f3n abordando inicios y contenidos de la TV actual, adem\u00e1s de los desaf\u00edos de la pol\u00edtica p\u00fablica, entre otras\u201d, se\u00f1al\u00f3.<\/p>\n\n\n\n<p>Al mismo tiempo, advirti\u00f3 que el debate qued\u00f3 pendiente en materias como la televisi\u00f3n con perspectiva de g\u00e9nero, la cultura entendida m\u00e1s all\u00e1 de la gastronom\u00eda y los viajes, y la irrupci\u00f3n de la inteligencia artificial en las nuevas plataformas digitales. \u201cSin embargo, fue un buen ejercicio que esperamos vuelva a repetirse con los temas faltantes y los que mueven a la Asociaci\u00f3n Nacional de Mujeres Periodistas\u201d, agreg\u00f3.<\/p>\n\n\n\n<p>Entre los asistentes estuvieron el presidente del CNTV, Mauricio Mu\u00f1oz; la directora de Comunicaciones del CNTV, Lorena Penjean, quien ofici\u00f3 como presentadora; el acad\u00e9mico de la Universidad de Chile, Dino Pancani; la directora ejecutiva de TVN, Susana Garc\u00eda; la presidenta de Arcatel, Natalia Arcayaga; la acad\u00e9mica de la Universidad de La Serena, Carolina Rodr\u00edguez; el director del Doctorado en Comunicaci\u00f3n de la Universidad de La Frontera, Carlos del Valle; y el director del Departamento de Ciencias de la Comunicaci\u00f3n de la Universidad San Sebasti\u00e1n de Concepci\u00f3n, Fernando Fuente-Alba.<\/p>\n\n\n\n<p>La jornada incluy\u00f3 adem\u00e1s la exposici\u00f3n del conductor de televisi\u00f3n Juan Carlos \u201cPollo\u201d Valdivia, quien present\u00f3 una revisi\u00f3n del rol de la TV desde sus inicios hasta la actualidad.<\/p>\n\n\n\n<figure class=\"wp-block-image size-large\"><img loading=\"lazy\" decoding=\"async\" width=\"1024\" height=\"768\" src=\"https:\/\/anmpe.cl\/wp-content\/uploads\/2025\/09\/FOTO-22-1024x768.jpg\" alt=\"\" class=\"wp-image-3257\" srcset=\"https:\/\/anmpe.cl\/wp-content\/uploads\/2025\/09\/FOTO-22-1024x768.jpg 1024w, https:\/\/anmpe.cl\/wp-content\/uploads\/2025\/09\/FOTO-22-300x225.jpg 300w, https:\/\/anmpe.cl\/wp-content\/uploads\/2025\/09\/FOTO-22-768x576.jpg 768w, https:\/\/anmpe.cl\/wp-content\/uploads\/2025\/09\/FOTO-22.jpg 1080w\" sizes=\"auto, (max-width: 1024px) 100vw, 1024px\" \/><\/figure>\n","protected":false},"excerpt":{"rendered":"<p>La Asociaci\u00f3n Nacional de Mujeres Periodistas de Chile (ANMPE) particip\u00f3 en el seminario \u201cLos desaf\u00edos de la televisi\u00f3n en el mundo actual\u201d, organizado por el Consejo Nacional de Televisi\u00f3n (CNTV). La presidenta de ANMPE, Patricia Alrringo, valor\u00f3 el encuentro como un espacio de reflexi\u00f3n en torno a los inicios y contenidos de la televisi\u00f3n actual,&#8230;<\/p>\n","protected":false},"author":1,"featured_media":0,"comment_status":"closed","ping_status":"closed","sticky":false,"template":"","format":"standard","meta":{"_kadence_starter_templates_imported_post":false,"_kad_post_transparent":"","_kad_post_title":"","_kad_post_layout":"","_kad_post_sidebar_id":"","_kad_post_content_style":"","_kad_post_vertical_padding":"","_kad_post_feature":"","_kad_post_feature_position":"","_kad_post_header":false,"_kad_post_footer":false,"footnotes":""},"categories":[36,2],"tags":[],"class_list":["post-3255","post","type-post","status-publish","format-standard","hentry","category-comunicados-de-prensa","category-noticias"],"_links":{"self":[{"href":"https:\/\/anmpe.cl\/index.php\/wp-json\/wp\/v2\/posts\/3255","targetHints":{"allow":["GET"]}}],"collection":[{"href":"https:\/\/anmpe.cl\/index.php\/wp-json\/wp\/v2\/posts"}],"about":[{"href":"https:\/\/anmpe.cl\/index.php\/wp-json\/wp\/v2\/types\/post"}],"author":[{"embeddable":true,"href":"https:\/\/anmpe.cl\/index.php\/wp-json\/wp\/v2\/users\/1"}],"replies":[{"embeddable":true,"href":"https:\/\/anmpe.cl\/index.php\/wp-json\/wp\/v2\/comments?post=3255"}],"version-history":[{"count":1,"href":"https:\/\/anmpe.cl\/index.php\/wp-json\/wp\/v2\/posts\/3255\/revisions"}],"predecessor-version":[{"id":3258,"href":"https:\/\/anmpe.cl\/index.php\/wp-json\/wp\/v2\/posts\/3255\/revisions\/3258"}],"wp:attachment":[{"href":"https:\/\/anmpe.cl\/index.php\/wp-json\/wp\/v2\/media?parent=3255"}],"wp:term":[{"taxonomy":"category","embeddable":true,"href":"https:\/\/anmpe.cl\/index.php\/wp-json\/wp\/v2\/categories?post=3255"},{"taxonomy":"post_tag","embeddable":true,"href":"https:\/\/anmpe.cl\/index.php\/wp-json\/wp\/v2\/tags?post=3255"}],"curies":[{"name":"wp","href":"https:\/\/api.w.org\/{rel}","templated":true}]}}