{"id":3250,"date":"2024-07-23T15:38:00","date_gmt":"2024-07-23T19:38:00","guid":{"rendered":"https:\/\/anmpe.cl\/?p=3250"},"modified":"2025-09-09T15:39:28","modified_gmt":"2025-09-09T19:39:28","slug":"periodismo-en-tiempos-de-cambio-del-algoritmo-a-la-polarizacion-reunio-a-destacadas-periodistas-en-conversatorio-organizado-por-anmpe-y-tvn","status":"publish","type":"post","link":"https:\/\/anmpe.cl\/index.php\/2024\/07\/23\/periodismo-en-tiempos-de-cambio-del-algoritmo-a-la-polarizacion-reunio-a-destacadas-periodistas-en-conversatorio-organizado-por-anmpe-y-tvn\/","title":{"rendered":"\u201cPeriodismo en tiempos de cambio: del algoritmo a la polarizaci\u00f3n\u201d reuni\u00f3 a destacadas periodistas en conversatorio organizado por ANMPE y TVN"},"content":{"rendered":"\n<p>La Asociaci\u00f3n Nacional de Mujeres Periodistas de Chile (ANMPE), en colaboraci\u00f3n con TVN, organiz\u00f3 el conversatorio \u201cPeriodismo en tiempos de cambio: del algoritmo a la polarizaci\u00f3n\u201d.<\/p>\n\n\n\n<p>El evento cont\u00f3 con la participaci\u00f3n de Carolina Robino, directora de BBC Mundo, junto a Paula Comandari (Radio T13), Paula Escobar Chavarr\u00eda (CNN, Universidad Diego Portales), la C\u00e1tedra Mujeres y Medios, Gloria Faundez (editora general de La Tercera) y fue moderado por Carla Zunino de TVN. La actividad fue encabezada por Mariana Hidalgo (TVN) y Patricia Alrringo, presidenta de ANMPE.<\/p>\n\n\n\n<p>El evento reuni\u00f3 a m\u00e1s de 40 periodistas de diversos medios y \u00e1mbitos, y abord\u00f3 temas clave como los cambios impulsados por la inteligencia artificial en los formatos period\u00edsticos, el trabajo de BBC Mundo, la cobertura informativa en tiempos electorales, la problem\u00e1tica de las fake news, los desaf\u00edos de la desinformaci\u00f3n, y el aporte de las periodistas en la elevaci\u00f3n de la calidad informativa en medios nacionales.<\/p>\n\n\n\n<p>ANMPE expres\u00f3 su gratitud a quienes participaron y a TVN por sumarse como socio en estas actividades, destacando tambi\u00e9n la presencia de la Premio Nacional de Periodismo, Patricia Stambuk, y el apoyo del presidente de TVN, Francisco Vidal, junto al equipo de producci\u00f3n que hizo posible este conversatorio.<\/p>\n","protected":false},"excerpt":{"rendered":"<p>La Asociaci\u00f3n Nacional de Mujeres Periodistas de Chile (ANMPE), en colaboraci\u00f3n con TVN, organiz\u00f3 el conversatorio \u201cPeriodismo en tiempos de cambio: del algoritmo a la polarizaci\u00f3n\u201d. El evento cont\u00f3 con la participaci\u00f3n de Carolina Robino, directora de BBC Mundo, junto a Paula Comandari (Radio T13), Paula Escobar Chavarr\u00eda (CNN, Universidad Diego Portales), la C\u00e1tedra Mujeres&#8230;<\/p>\n","protected":false},"author":1,"featured_media":0,"comment_status":"closed","ping_status":"closed","sticky":false,"template":"","format":"standard","meta":{"_kadence_starter_templates_imported_post":false,"_kad_post_transparent":"","_kad_post_title":"","_kad_post_layout":"","_kad_post_sidebar_id":"","_kad_post_content_style":"","_kad_post_vertical_padding":"","_kad_post_feature":"","_kad_post_feature_position":"","_kad_post_header":false,"_kad_post_footer":false,"footnotes":""},"categories":[36,2],"tags":[],"class_list":["post-3250","post","type-post","status-publish","format-standard","hentry","category-comunicados-de-prensa","category-noticias"],"_links":{"self":[{"href":"https:\/\/anmpe.cl\/index.php\/wp-json\/wp\/v2\/posts\/3250","targetHints":{"allow":["GET"]}}],"collection":[{"href":"https:\/\/anmpe.cl\/index.php\/wp-json\/wp\/v2\/posts"}],"about":[{"href":"https:\/\/anmpe.cl\/index.php\/wp-json\/wp\/v2\/types\/post"}],"author":[{"embeddable":true,"href":"https:\/\/anmpe.cl\/index.php\/wp-json\/wp\/v2\/users\/1"}],"replies":[{"embeddable":true,"href":"https:\/\/anmpe.cl\/index.php\/wp-json\/wp\/v2\/comments?post=3250"}],"version-history":[{"count":1,"href":"https:\/\/anmpe.cl\/index.php\/wp-json\/wp\/v2\/posts\/3250\/revisions"}],"predecessor-version":[{"id":3251,"href":"https:\/\/anmpe.cl\/index.php\/wp-json\/wp\/v2\/posts\/3250\/revisions\/3251"}],"wp:attachment":[{"href":"https:\/\/anmpe.cl\/index.php\/wp-json\/wp\/v2\/media?parent=3250"}],"wp:term":[{"taxonomy":"category","embeddable":true,"href":"https:\/\/anmpe.cl\/index.php\/wp-json\/wp\/v2\/categories?post=3250"},{"taxonomy":"post_tag","embeddable":true,"href":"https:\/\/anmpe.cl\/index.php\/wp-json\/wp\/v2\/tags?post=3250"}],"curies":[{"name":"wp","href":"https:\/\/api.w.org\/{rel}","templated":true}]}}