{"id":3247,"date":"2024-05-02T15:34:00","date_gmt":"2024-05-02T19:34:00","guid":{"rendered":"https:\/\/anmpe.cl\/?p=3247"},"modified":"2025-09-09T15:37:11","modified_gmt":"2025-09-09T19:37:11","slug":"dima-khatib-directora-ejecutiva-de-al-jazeera-participo-en-conversatorio-organizado-por-la-anmpe-en-el-dia-mundial-de-la-prensa","status":"publish","type":"post","link":"https:\/\/anmpe.cl\/index.php\/2024\/05\/02\/dima-khatib-directora-ejecutiva-de-al-jazeera-participo-en-conversatorio-organizado-por-la-anmpe-en-el-dia-mundial-de-la-prensa\/","title":{"rendered":"Dima Khatib, directora ejecutiva de Al Jazeera, particip\u00f3 en conversatorio organizado por la ANMPE en el D\u00eda Mundial de la Prensa"},"content":{"rendered":"\n<figure class=\"wp-block-image size-large\"><img loading=\"lazy\" decoding=\"async\" width=\"1024\" height=\"683\" src=\"https:\/\/anmpe.cl\/wp-content\/uploads\/2025\/09\/FOTO-19--1024x683.jpg\" alt=\"\" class=\"wp-image-3248\" srcset=\"https:\/\/anmpe.cl\/wp-content\/uploads\/2025\/09\/FOTO-19--1024x683.jpg 1024w, https:\/\/anmpe.cl\/wp-content\/uploads\/2025\/09\/FOTO-19--300x200.jpg 300w, https:\/\/anmpe.cl\/wp-content\/uploads\/2025\/09\/FOTO-19--768x512.jpg 768w, https:\/\/anmpe.cl\/wp-content\/uploads\/2025\/09\/FOTO-19-.jpg 1080w\" sizes=\"auto, (max-width: 1024px) 100vw, 1024px\" \/><\/figure>\n\n\n\n<p>En el marco del D\u00eda Mundial de la Prensa, la Asociaci\u00f3n Nacional de Mujeres Periodistas de Chile (ANMPE) organiz\u00f3 un encuentro exclusivo con la directora ejecutiva de Al Jazeera, Dima Khatib. La actividad se realiz\u00f3 en las oficinas del Diario Financiero y reuni\u00f3 a periodistas de distintos \u00e1mbitos de la comunicaci\u00f3n.<\/p>\n\n\n\n<p>Durante el conversatorio se abord\u00f3 el conflicto en Gaza, la forma en que es cubierto desde Occidente y los riesgos que enfrentan las y los periodistas que trabajan en la zona.<\/p>\n\n\n\n<p>La presidenta de ANMPE, Patricia Alrringo, destac\u00f3 la relevancia de la actividad: \u201cTener a Dima Khatib en este conversatorio es un lujo. Contrastar la informaci\u00f3n que nosotros recibimos del conflicto de Oriente Medio y de Gaza espec\u00edficamente, a trav\u00e9s de la directora ejecutiva de Al Jazeera, un medio que cubre in situ, es muy importante para el periodismo nacional. Como asociaci\u00f3n realizamos esta peque\u00f1a actividad por el D\u00eda Mundial de la Prensa e invitamos a un grupo selecto de periodistas de distintas \u00e1reas: medios, comunicaci\u00f3n estrat\u00e9gica, academia y medios independientes, con la finalidad de otorgar un espacio de an\u00e1lisis y reflexi\u00f3n de un tema que marca la agenda mundial\u201d.<\/p>\n\n\n\n<p>Entre los participantes estuvieron Isabel Ramos, editora y coordinadora de Somos Financieras de Diario Financiero; Claudia \u00c1lamo, periodista de La Tercera y Radio Pauta, Premio Raquel Correa 2022; Macarena Cifuentes y Lorena Bustos, periodistas de comunicaci\u00f3n estrat\u00e9gica; Loreto Soler, consejera del Colegio de Periodistas Metropolitano y miembro de Aptur; Paloma \u00c1vila, periodista internacional de Mega; Luz M\u00e1rquez de la Plata, directora de Periodismo de la Pontificia Universidad Cat\u00f3lica; Marcela Aguilar, decana de Comunicaciones de la Universidad Diego Portales; Carmen Gloria L\u00f3pez, escritora y columnista de Radio C13; Mar\u00eda Bel\u00e9n Reyes y Ricardo Olivares, director de radios regionales y Agencia Puntual; Juan Jaime D\u00edaz, vicepresidente de la Asociaci\u00f3n Nacional de la Prensa y director de proyectos de El Mercurio; Stephanie El\u00edas, directora de contenidos del Centro de Informaci\u00f3n Palestina, y Paula Huenchumil, periodista de Interferencia.<\/p>\n","protected":false},"excerpt":{"rendered":"<p>En el marco del D\u00eda Mundial de la Prensa, la Asociaci\u00f3n Nacional de Mujeres Periodistas de Chile (ANMPE) organiz\u00f3 un encuentro exclusivo con la directora ejecutiva de Al Jazeera, Dima Khatib. La actividad se realiz\u00f3 en las oficinas del Diario Financiero y reuni\u00f3 a periodistas de distintos \u00e1mbitos de la comunicaci\u00f3n. Durante el conversatorio se&#8230;<\/p>\n","protected":false},"author":1,"featured_media":0,"comment_status":"closed","ping_status":"closed","sticky":false,"template":"","format":"standard","meta":{"_kadence_starter_templates_imported_post":false,"_kad_post_transparent":"","_kad_post_title":"","_kad_post_layout":"","_kad_post_sidebar_id":"","_kad_post_content_style":"","_kad_post_vertical_padding":"","_kad_post_feature":"","_kad_post_feature_position":"","_kad_post_header":false,"_kad_post_footer":false,"footnotes":""},"categories":[36,2],"tags":[],"class_list":["post-3247","post","type-post","status-publish","format-standard","hentry","category-comunicados-de-prensa","category-noticias"],"_links":{"self":[{"href":"https:\/\/anmpe.cl\/index.php\/wp-json\/wp\/v2\/posts\/3247","targetHints":{"allow":["GET"]}}],"collection":[{"href":"https:\/\/anmpe.cl\/index.php\/wp-json\/wp\/v2\/posts"}],"about":[{"href":"https:\/\/anmpe.cl\/index.php\/wp-json\/wp\/v2\/types\/post"}],"author":[{"embeddable":true,"href":"https:\/\/anmpe.cl\/index.php\/wp-json\/wp\/v2\/users\/1"}],"replies":[{"embeddable":true,"href":"https:\/\/anmpe.cl\/index.php\/wp-json\/wp\/v2\/comments?post=3247"}],"version-history":[{"count":1,"href":"https:\/\/anmpe.cl\/index.php\/wp-json\/wp\/v2\/posts\/3247\/revisions"}],"predecessor-version":[{"id":3249,"href":"https:\/\/anmpe.cl\/index.php\/wp-json\/wp\/v2\/posts\/3247\/revisions\/3249"}],"wp:attachment":[{"href":"https:\/\/anmpe.cl\/index.php\/wp-json\/wp\/v2\/media?parent=3247"}],"wp:term":[{"taxonomy":"category","embeddable":true,"href":"https:\/\/anmpe.cl\/index.php\/wp-json\/wp\/v2\/categories?post=3247"},{"taxonomy":"post_tag","embeddable":true,"href":"https:\/\/anmpe.cl\/index.php\/wp-json\/wp\/v2\/tags?post=3247"}],"curies":[{"name":"wp","href":"https:\/\/api.w.org\/{rel}","templated":true}]}}