{"id":3243,"date":"2024-04-01T15:32:00","date_gmt":"2024-04-01T19:32:00","guid":{"rendered":"https:\/\/anmpe.cl\/?p=3243"},"modified":"2025-09-09T15:37:50","modified_gmt":"2025-09-09T19:37:50","slug":"la-academia-chilena-de-la-lengua-incorpora-a-dos-academicos-venezolanos-y-abre-camino-a-una-alianza-con-mujeres-periodistas","status":"publish","type":"post","link":"https:\/\/anmpe.cl\/index.php\/2024\/04\/01\/la-academia-chilena-de-la-lengua-incorpora-a-dos-academicos-venezolanos-y-abre-camino-a-una-alianza-con-mujeres-periodistas\/","title":{"rendered":"La Academia Chilena de la Lengua incorpora a dos acad\u00e9micos venezolanos y abre camino a una alianza con mujeres periodistas"},"content":{"rendered":"\n<figure class=\"wp-block-image size-large\"><img loading=\"lazy\" decoding=\"async\" width=\"1024\" height=\"732\" src=\"https:\/\/anmpe.cl\/wp-content\/uploads\/2025\/09\/FOTO-17-1024x732.jpg\" alt=\"\" class=\"wp-image-3244\" srcset=\"https:\/\/anmpe.cl\/wp-content\/uploads\/2025\/09\/FOTO-17-1024x732.jpg 1024w, https:\/\/anmpe.cl\/wp-content\/uploads\/2025\/09\/FOTO-17-300x214.jpg 300w, https:\/\/anmpe.cl\/wp-content\/uploads\/2025\/09\/FOTO-17-768x549.jpg 768w, https:\/\/anmpe.cl\/wp-content\/uploads\/2025\/09\/FOTO-17.jpg 1080w\" sizes=\"auto, (max-width: 1024px) 100vw, 1024px\" \/><\/figure>\n\n\n\n<p>En una ceremonia encabezada por el director Guillermo Soto y la vicedirectora Patricia Stambuk, la Academia dio la bienvenida a Luis Barrera Linares y Luc\u00eda Fraca de Barrera como acad\u00e9micos correspondientes en Venezuela. La Asociaci\u00f3n Nacional de Mujeres Periodistas valor\u00f3 la invitaci\u00f3n y destac\u00f3 el inicio de conversaciones para una futura colaboraci\u00f3n.<\/p>\n\n\n\n<p>La Academia Chilena de la Lengua recibi\u00f3 a los acad\u00e9micos venezolanos Luis Barrera Linares y Luc\u00eda Fraca de Barrera como miembros correspondientes al cap\u00edtulo de Venezuela. En la instancia, Barrera present\u00f3 su discurso titulado <em>\u201cEl lado excluyente del lenguaje inclusivo\u201d<\/em>, mientras que Fraca expuso sobre <em>\u201cEl espa\u00f1ol polic\u00e9ntrico y su ense\u00f1anza como lengua extranjera\u201d<\/em>.<\/p>\n\n\n\n<p>La ceremonia cont\u00f3 con la participaci\u00f3n del director de la corporaci\u00f3n, Guillermo Soto, y de la vicedirectora y Premio Nacional de Periodismo, Patricia Stambuk.<\/p>\n\n\n\n<p>En representaci\u00f3n de la Asociaci\u00f3n Nacional de Mujeres Periodistas (ANMP), su presidenta Patricia Alrringo agradeci\u00f3 la invitaci\u00f3n y relev\u00f3 la posibilidad de avanzar en una alianza con la Academia. \u201cNos honra que la Academia Chilena de la Lengua nos haya hecho part\u00edcipes de esta ceremonia y de iniciar conversaciones para crear una alianza juntas, cuya finalidad es aportar, fortalecer y mejorar el uso del lenguaje en el periodismo y para las nuevas generaciones de periodistas, a trav\u00e9s de nuestra comunidad de estudiantes\u201d, se\u00f1al\u00f3.<\/p>\n\n\n\n<p>Asimismo, Alrringo destac\u00f3 la presencia de la periodista Patricia Stambuk, socia de la ANMP y figura clave en la construcci\u00f3n de este v\u00ednculo.<\/p>\n\n\n\n<figure class=\"wp-block-image size-large\"><img loading=\"lazy\" decoding=\"async\" width=\"1024\" height=\"736\" src=\"https:\/\/anmpe.cl\/wp-content\/uploads\/2025\/09\/FOTO-18-1024x736.jpg\" alt=\"\" class=\"wp-image-3245\" srcset=\"https:\/\/anmpe.cl\/wp-content\/uploads\/2025\/09\/FOTO-18-1024x736.jpg 1024w, https:\/\/anmpe.cl\/wp-content\/uploads\/2025\/09\/FOTO-18-300x216.jpg 300w, https:\/\/anmpe.cl\/wp-content\/uploads\/2025\/09\/FOTO-18-768x552.jpg 768w, https:\/\/anmpe.cl\/wp-content\/uploads\/2025\/09\/FOTO-18.jpg 1080w\" sizes=\"auto, (max-width: 1024px) 100vw, 1024px\" \/><\/figure>\n","protected":false},"excerpt":{"rendered":"<p>En una ceremonia encabezada por el director Guillermo Soto y la vicedirectora Patricia Stambuk, la Academia dio la bienvenida a Luis Barrera Linares y Luc\u00eda Fraca de Barrera como acad\u00e9micos correspondientes en Venezuela. La Asociaci\u00f3n Nacional de Mujeres Periodistas valor\u00f3 la invitaci\u00f3n y destac\u00f3 el inicio de conversaciones para una futura colaboraci\u00f3n. La Academia Chilena&#8230;<\/p>\n","protected":false},"author":1,"featured_media":0,"comment_status":"closed","ping_status":"closed","sticky":false,"template":"","format":"standard","meta":{"_kadence_starter_templates_imported_post":false,"_kad_post_transparent":"","_kad_post_title":"","_kad_post_layout":"","_kad_post_sidebar_id":"","_kad_post_content_style":"","_kad_post_vertical_padding":"","_kad_post_feature":"","_kad_post_feature_position":"","_kad_post_header":false,"_kad_post_footer":false,"footnotes":""},"categories":[36,2],"tags":[],"class_list":["post-3243","post","type-post","status-publish","format-standard","hentry","category-comunicados-de-prensa","category-noticias"],"_links":{"self":[{"href":"https:\/\/anmpe.cl\/index.php\/wp-json\/wp\/v2\/posts\/3243","targetHints":{"allow":["GET"]}}],"collection":[{"href":"https:\/\/anmpe.cl\/index.php\/wp-json\/wp\/v2\/posts"}],"about":[{"href":"https:\/\/anmpe.cl\/index.php\/wp-json\/wp\/v2\/types\/post"}],"author":[{"embeddable":true,"href":"https:\/\/anmpe.cl\/index.php\/wp-json\/wp\/v2\/users\/1"}],"replies":[{"embeddable":true,"href":"https:\/\/anmpe.cl\/index.php\/wp-json\/wp\/v2\/comments?post=3243"}],"version-history":[{"count":1,"href":"https:\/\/anmpe.cl\/index.php\/wp-json\/wp\/v2\/posts\/3243\/revisions"}],"predecessor-version":[{"id":3246,"href":"https:\/\/anmpe.cl\/index.php\/wp-json\/wp\/v2\/posts\/3243\/revisions\/3246"}],"wp:attachment":[{"href":"https:\/\/anmpe.cl\/index.php\/wp-json\/wp\/v2\/media?parent=3243"}],"wp:term":[{"taxonomy":"category","embeddable":true,"href":"https:\/\/anmpe.cl\/index.php\/wp-json\/wp\/v2\/categories?post=3243"},{"taxonomy":"post_tag","embeddable":true,"href":"https:\/\/anmpe.cl\/index.php\/wp-json\/wp\/v2\/tags?post=3243"}],"curies":[{"name":"wp","href":"https:\/\/api.w.org\/{rel}","templated":true}]}}