{"id":3169,"date":"2024-03-18T15:52:00","date_gmt":"2024-03-18T19:52:00","guid":{"rendered":"https:\/\/anmpe.cl\/?p=3169"},"modified":"2025-09-09T14:20:18","modified_gmt":"2025-09-09T18:20:18","slug":"anmpe-participa-en-lanzamiento-del-fondo-de-fomento-de-medios-2024","status":"publish","type":"post","link":"https:\/\/anmpe.cl\/index.php\/2024\/03\/18\/anmpe-participa-en-lanzamiento-del-fondo-de-fomento-de-medios-2024\/","title":{"rendered":"ANMPE participa en lanzamiento del Fondo de Fomento de Medios 2024"},"content":{"rendered":"\n<figure class=\"wp-block-image size-large\"><img loading=\"lazy\" decoding=\"async\" width=\"1024\" height=\"1024\" src=\"https:\/\/anmpe.cl\/wp-content\/uploads\/2025\/09\/FOTO-14-1024x1024.jpg\" alt=\"\" class=\"wp-image-3230\" srcset=\"https:\/\/anmpe.cl\/wp-content\/uploads\/2025\/09\/FOTO-14-1024x1024.jpg 1024w, https:\/\/anmpe.cl\/wp-content\/uploads\/2025\/09\/FOTO-14-300x300.jpg 300w, https:\/\/anmpe.cl\/wp-content\/uploads\/2025\/09\/FOTO-14-150x150.jpg 150w, https:\/\/anmpe.cl\/wp-content\/uploads\/2025\/09\/FOTO-14-768x768.jpg 768w, https:\/\/anmpe.cl\/wp-content\/uploads\/2025\/09\/FOTO-14.jpg 1080w\" sizes=\"auto, (max-width: 1024px) 100vw, 1024px\" \/><\/figure>\n\n\n\n<p>La Asociaci\u00f3n Nacional de Mujeres Periodistas destac\u00f3 la relevancia de apoyar y capacitar a medios locales y comunitarios.<\/p>\n\n\n\n<p>La Asociaci\u00f3n Nacional de Mujeres Periodistas (ANMPE) fue invitada al lanzamiento del Fondo de Fomento de Medios de Comunicaci\u00f3n Social 2024, actividad que se realiz\u00f3 en el Palacio Cousi\u00f1o y reuni\u00f3 a representantes, comunicadores y periodistas de medios locales, tanto comerciales como comunitarios.<\/p>\n\n\n\n<p>La presidenta de la ANMPE, Patricia Alrringo, destac\u00f3 la importancia del fondo como una oportunidad para fortalecer a los medios comunitarios, abrir espacios de difusi\u00f3n y promover la capacitaci\u00f3n: \u201cEs una gran oportunidad para los medios comunitarios del pa\u00eds y de la Regi\u00f3n Metropolitana, ya que permite abrir espacios y mantener a m\u00e1s medios locales. La importancia de trabajar con ellos y poder capacitar tambi\u00e9n es parte de nuestro desaf\u00edo\u201d, se\u00f1al\u00f3.<\/p>\n\n\n\n<p>La actividad cont\u00f3 con la presencia de la ministra Camila Vallejo y la subsecretaria Nicole Cardoch, as\u00ed como de la presidenta del Colegio de Periodistas, Roc\u00edo Alorda, y el director del Observatorio Derecho a la Comunicaci\u00f3n, Javier Garc\u00eda, con quienes la ANMPE busca fortalecer lazos y proyectos conjuntos para 2024.<\/p>\n\n\n\n<figure class=\"wp-block-image size-large\"><img loading=\"lazy\" decoding=\"async\" width=\"1024\" height=\"1024\" src=\"https:\/\/anmpe.cl\/wp-content\/uploads\/2025\/09\/FOTO-15--1024x1024.jpg\" alt=\"\" class=\"wp-image-3231\" srcset=\"https:\/\/anmpe.cl\/wp-content\/uploads\/2025\/09\/FOTO-15--1024x1024.jpg 1024w, https:\/\/anmpe.cl\/wp-content\/uploads\/2025\/09\/FOTO-15--300x300.jpg 300w, https:\/\/anmpe.cl\/wp-content\/uploads\/2025\/09\/FOTO-15--150x150.jpg 150w, https:\/\/anmpe.cl\/wp-content\/uploads\/2025\/09\/FOTO-15--768x768.jpg 768w, https:\/\/anmpe.cl\/wp-content\/uploads\/2025\/09\/FOTO-15-.jpg 1080w\" sizes=\"auto, (max-width: 1024px) 100vw, 1024px\" \/><\/figure>\n","protected":false},"excerpt":{"rendered":"<p>La Asociaci\u00f3n Nacional de Mujeres Periodistas destac\u00f3 la relevancia de apoyar y capacitar a medios locales y comunitarios. La Asociaci\u00f3n Nacional de Mujeres Periodistas (ANMPE) fue invitada al lanzamiento del Fondo de Fomento de Medios de Comunicaci\u00f3n Social 2024, actividad que se realiz\u00f3 en el Palacio Cousi\u00f1o y reuni\u00f3 a representantes, comunicadores y periodistas de&#8230;<\/p>\n","protected":false},"author":1,"featured_media":0,"comment_status":"closed","ping_status":"closed","sticky":false,"template":"","format":"standard","meta":{"_kadence_starter_templates_imported_post":false,"_kad_post_transparent":"","_kad_post_title":"","_kad_post_layout":"","_kad_post_sidebar_id":"","_kad_post_content_style":"","_kad_post_vertical_padding":"","_kad_post_feature":"","_kad_post_feature_position":"","_kad_post_header":false,"_kad_post_footer":false,"footnotes":""},"categories":[36,2],"tags":[],"class_list":["post-3169","post","type-post","status-publish","format-standard","hentry","category-comunicados-de-prensa","category-noticias"],"_links":{"self":[{"href":"https:\/\/anmpe.cl\/index.php\/wp-json\/wp\/v2\/posts\/3169","targetHints":{"allow":["GET"]}}],"collection":[{"href":"https:\/\/anmpe.cl\/index.php\/wp-json\/wp\/v2\/posts"}],"about":[{"href":"https:\/\/anmpe.cl\/index.php\/wp-json\/wp\/v2\/types\/post"}],"author":[{"embeddable":true,"href":"https:\/\/anmpe.cl\/index.php\/wp-json\/wp\/v2\/users\/1"}],"replies":[{"embeddable":true,"href":"https:\/\/anmpe.cl\/index.php\/wp-json\/wp\/v2\/comments?post=3169"}],"version-history":[{"count":2,"href":"https:\/\/anmpe.cl\/index.php\/wp-json\/wp\/v2\/posts\/3169\/revisions"}],"predecessor-version":[{"id":3232,"href":"https:\/\/anmpe.cl\/index.php\/wp-json\/wp\/v2\/posts\/3169\/revisions\/3232"}],"wp:attachment":[{"href":"https:\/\/anmpe.cl\/index.php\/wp-json\/wp\/v2\/media?parent=3169"}],"wp:term":[{"taxonomy":"category","embeddable":true,"href":"https:\/\/anmpe.cl\/index.php\/wp-json\/wp\/v2\/categories?post=3169"},{"taxonomy":"post_tag","embeddable":true,"href":"https:\/\/anmpe.cl\/index.php\/wp-json\/wp\/v2\/tags?post=3169"}],"curies":[{"name":"wp","href":"https:\/\/api.w.org\/{rel}","templated":true}]}}