{"id":3167,"date":"2024-03-13T15:48:00","date_gmt":"2024-03-13T19:48:00","guid":{"rendered":"https:\/\/anmpe.cl\/?p=3167"},"modified":"2025-09-09T14:23:29","modified_gmt":"2025-09-09T18:23:29","slug":"anmpe-participa-en-ceremonia-por-el-dia-internacional-de-la-mujer","status":"publish","type":"post","link":"https:\/\/anmpe.cl\/index.php\/2024\/03\/13\/anmpe-participa-en-ceremonia-por-el-dia-internacional-de-la-mujer\/","title":{"rendered":"ANMPE participa en ceremonia por el D\u00eda Internacional de la Mujer"},"content":{"rendered":"\n<figure class=\"wp-block-image size-large\"><img loading=\"lazy\" decoding=\"async\" width=\"1024\" height=\"1024\" src=\"https:\/\/anmpe.cl\/wp-content\/uploads\/2025\/09\/FOTO-13-1024x1024.jpg\" alt=\"\" class=\"wp-image-3227\" srcset=\"https:\/\/anmpe.cl\/wp-content\/uploads\/2025\/09\/FOTO-13-1024x1024.jpg 1024w, https:\/\/anmpe.cl\/wp-content\/uploads\/2025\/09\/FOTO-13-300x300.jpg 300w, https:\/\/anmpe.cl\/wp-content\/uploads\/2025\/09\/FOTO-13-150x150.jpg 150w, https:\/\/anmpe.cl\/wp-content\/uploads\/2025\/09\/FOTO-13-768x768.jpg 768w, https:\/\/anmpe.cl\/wp-content\/uploads\/2025\/09\/FOTO-13.jpg 1080w\" sizes=\"auto, (max-width: 1024px) 100vw, 1024px\" \/><\/figure>\n\n\n\n<p>La Asociaci\u00f3n Nacional de Mujeres Periodistas acompa\u00f1\u00f3 la premiaci\u00f3n de Rossana Costa y Rosa Dev\u00e9s en un panel moderado por Paula Escobar.<\/p>\n\n\n\n<p>La Asociaci\u00f3n Nacional de Mujeres Periodistas (ANMPE) inici\u00f3 la conmemoraci\u00f3n del Mes de la Mujer participando en la ceremonia organizada por Comunidad Mujer, en el marco del D\u00eda Internacional de la Mujer. Durante el evento, se premi\u00f3 la trayectoria p\u00fablica de Rossana Costa y Rosa Dev\u00e9s, quienes participaron en un panel moderado por la periodista y Premio Lenka Franulic 2014, Paula Escobar.<\/p>\n\n\n\n<p>Las premiadas destacaron su trabajo para fomentar la participaci\u00f3n femenina en cargos de liderazgo: Rossana Costa, presidenta del Banco Central, resalt\u00f3 el esfuerzo por entregar cargos directivos a mujeres; mientras que Rosa Dev\u00e9s, rectora de la Universidad de Chile, valor\u00f3 su labor para que, tras 30 rectores hombres, se nombrara finalmente a una rectora, abriendo oportunidades para m\u00e1s mujeres en la academia.<\/p>\n\n\n\n<p>En la actividad participaron tambi\u00e9n las Premio Lenka Franulic Patricia Silva y Marcia Scantlebury, junto a las socias y amigas Mar\u00eda Eugenia Camus e In\u00e9s Llamb\u00edas, bajo el liderazgo de la presidenta de la ANMPE, Patricia Alrringo.<\/p>\n\n\n\n<p>La Asociaci\u00f3n destac\u00f3 la importancia de que, durante este mes, la fraternidad y el trabajo conjunto impulsen a las mujeres periodistas a ocupar y abrir espacios en todos los \u00e1mbitos del periodismo y la sociedad.<\/p>\n\n\n\n<figure class=\"wp-block-image size-large\"><img loading=\"lazy\" decoding=\"async\" width=\"1024\" height=\"1024\" src=\"https:\/\/anmpe.cl\/wp-content\/uploads\/2025\/09\/FOTO-14--1024x1024.jpg\" alt=\"\" class=\"wp-image-3228\" srcset=\"https:\/\/anmpe.cl\/wp-content\/uploads\/2025\/09\/FOTO-14--1024x1024.jpg 1024w, https:\/\/anmpe.cl\/wp-content\/uploads\/2025\/09\/FOTO-14--300x300.jpg 300w, https:\/\/anmpe.cl\/wp-content\/uploads\/2025\/09\/FOTO-14--150x150.jpg 150w, https:\/\/anmpe.cl\/wp-content\/uploads\/2025\/09\/FOTO-14--768x768.jpg 768w, https:\/\/anmpe.cl\/wp-content\/uploads\/2025\/09\/FOTO-14-.jpg 1080w\" sizes=\"auto, (max-width: 1024px) 100vw, 1024px\" \/><\/figure>\n","protected":false},"excerpt":{"rendered":"<p>La Asociaci\u00f3n Nacional de Mujeres Periodistas acompa\u00f1\u00f3 la premiaci\u00f3n de Rossana Costa y Rosa Dev\u00e9s en un panel moderado por Paula Escobar. La Asociaci\u00f3n Nacional de Mujeres Periodistas (ANMPE) inici\u00f3 la conmemoraci\u00f3n del Mes de la Mujer participando en la ceremonia organizada por Comunidad Mujer, en el marco del D\u00eda Internacional de la Mujer. Durante&#8230;<\/p>\n","protected":false},"author":1,"featured_media":0,"comment_status":"closed","ping_status":"closed","sticky":false,"template":"","format":"standard","meta":{"_kadence_starter_templates_imported_post":false,"_kad_post_transparent":"","_kad_post_title":"","_kad_post_layout":"","_kad_post_sidebar_id":"","_kad_post_content_style":"","_kad_post_vertical_padding":"","_kad_post_feature":"","_kad_post_feature_position":"","_kad_post_header":false,"_kad_post_footer":false,"footnotes":""},"categories":[36,2],"tags":[],"class_list":["post-3167","post","type-post","status-publish","format-standard","hentry","category-comunicados-de-prensa","category-noticias"],"_links":{"self":[{"href":"https:\/\/anmpe.cl\/index.php\/wp-json\/wp\/v2\/posts\/3167","targetHints":{"allow":["GET"]}}],"collection":[{"href":"https:\/\/anmpe.cl\/index.php\/wp-json\/wp\/v2\/posts"}],"about":[{"href":"https:\/\/anmpe.cl\/index.php\/wp-json\/wp\/v2\/types\/post"}],"author":[{"embeddable":true,"href":"https:\/\/anmpe.cl\/index.php\/wp-json\/wp\/v2\/users\/1"}],"replies":[{"embeddable":true,"href":"https:\/\/anmpe.cl\/index.php\/wp-json\/wp\/v2\/comments?post=3167"}],"version-history":[{"count":2,"href":"https:\/\/anmpe.cl\/index.php\/wp-json\/wp\/v2\/posts\/3167\/revisions"}],"predecessor-version":[{"id":3229,"href":"https:\/\/anmpe.cl\/index.php\/wp-json\/wp\/v2\/posts\/3167\/revisions\/3229"}],"wp:attachment":[{"href":"https:\/\/anmpe.cl\/index.php\/wp-json\/wp\/v2\/media?parent=3167"}],"wp:term":[{"taxonomy":"category","embeddable":true,"href":"https:\/\/anmpe.cl\/index.php\/wp-json\/wp\/v2\/categories?post=3167"},{"taxonomy":"post_tag","embeddable":true,"href":"https:\/\/anmpe.cl\/index.php\/wp-json\/wp\/v2\/tags?post=3167"}],"curies":[{"name":"wp","href":"https:\/\/api.w.org\/{rel}","templated":true}]}}