{"id":3165,"date":"2024-02-22T17:58:00","date_gmt":"2024-02-22T21:58:00","guid":{"rendered":"https:\/\/anmpe.cl\/?p=3165"},"modified":"2025-09-09T14:39:18","modified_gmt":"2025-09-09T18:39:18","slug":"anmpe-visibiliza-su-agenda-2024-en-medios-nacionales-y-regionales","status":"publish","type":"post","link":"https:\/\/anmpe.cl\/index.php\/2024\/02\/22\/anmpe-visibiliza-su-agenda-2024-en-medios-nacionales-y-regionales\/","title":{"rendered":"ANMPE visibiliza su agenda 2024 en medios nacionales y regionales"},"content":{"rendered":"\n<p><\/p>\n\n\n\n<p>La Asociaci\u00f3n Nacional de Mujeres Periodistas comparte su trabajo y perspectivas sobre los desaf\u00edos del periodismo contempor\u00e1neo.<\/p>\n\n\n\n<p>La Asociaci\u00f3n Nacional de Mujeres Periodistas (ANMPE), con 62 a\u00f1os de historia, contin\u00faa posicionando su labor en medios nacionales y regionales, difundiendo su agenda de trabajo 2024 y los principales desaf\u00edos que enfrenta el periodismo actual.<\/p>\n\n\n\n<p>En este marco, se ha publicado la columna de opini\u00f3n \u201cLos desaf\u00edos de la prensa para este 2024\u201d, escrita por la presidenta de la ANMPE, Patricia Alrringo, en ocasi\u00f3n del D\u00eda Nacional de la Prensa. La columna ha sido difundida en diversos medios digitales e impresos, destacando la reflexi\u00f3n sobre \u00e9tica, tecnolog\u00eda y profesionalismo period\u00edstico.<\/p>\n","protected":false},"excerpt":{"rendered":"<p>La Asociaci\u00f3n Nacional de Mujeres Periodistas comparte su trabajo y perspectivas sobre los desaf\u00edos del periodismo contempor\u00e1neo. La Asociaci\u00f3n Nacional de Mujeres Periodistas (ANMPE), con 62 a\u00f1os de historia, contin\u00faa posicionando su labor en medios nacionales y regionales, difundiendo su agenda de trabajo 2024 y los principales desaf\u00edos que enfrenta el periodismo actual. En este&#8230;<\/p>\n","protected":false},"author":1,"featured_media":0,"comment_status":"closed","ping_status":"closed","sticky":false,"template":"","format":"standard","meta":{"_kadence_starter_templates_imported_post":false,"_kad_post_transparent":"","_kad_post_title":"","_kad_post_layout":"","_kad_post_sidebar_id":"","_kad_post_content_style":"","_kad_post_vertical_padding":"","_kad_post_feature":"","_kad_post_feature_position":"","_kad_post_header":false,"_kad_post_footer":false,"footnotes":""},"categories":[36,2],"tags":[],"class_list":["post-3165","post","type-post","status-publish","format-standard","hentry","category-comunicados-de-prensa","category-noticias"],"_links":{"self":[{"href":"https:\/\/anmpe.cl\/index.php\/wp-json\/wp\/v2\/posts\/3165","targetHints":{"allow":["GET"]}}],"collection":[{"href":"https:\/\/anmpe.cl\/index.php\/wp-json\/wp\/v2\/posts"}],"about":[{"href":"https:\/\/anmpe.cl\/index.php\/wp-json\/wp\/v2\/types\/post"}],"author":[{"embeddable":true,"href":"https:\/\/anmpe.cl\/index.php\/wp-json\/wp\/v2\/users\/1"}],"replies":[{"embeddable":true,"href":"https:\/\/anmpe.cl\/index.php\/wp-json\/wp\/v2\/comments?post=3165"}],"version-history":[{"count":1,"href":"https:\/\/anmpe.cl\/index.php\/wp-json\/wp\/v2\/posts\/3165\/revisions"}],"predecessor-version":[{"id":3166,"href":"https:\/\/anmpe.cl\/index.php\/wp-json\/wp\/v2\/posts\/3165\/revisions\/3166"}],"wp:attachment":[{"href":"https:\/\/anmpe.cl\/index.php\/wp-json\/wp\/v2\/media?parent=3165"}],"wp:term":[{"taxonomy":"category","embeddable":true,"href":"https:\/\/anmpe.cl\/index.php\/wp-json\/wp\/v2\/categories?post=3165"},{"taxonomy":"post_tag","embeddable":true,"href":"https:\/\/anmpe.cl\/index.php\/wp-json\/wp\/v2\/tags?post=3165"}],"curies":[{"name":"wp","href":"https:\/\/api.w.org\/{rel}","templated":true}]}}