{"id":3159,"date":"2024-02-20T17:43:00","date_gmt":"2024-02-20T21:43:00","guid":{"rendered":"https:\/\/anmpe.cl\/?p=3159"},"modified":"2025-09-09T14:42:32","modified_gmt":"2025-09-09T18:42:32","slug":"anmpe-se-pronuncia-sobre-etica-periodistica-tras-hechos-en-municipalidad-de-maipu","status":"publish","type":"post","link":"https:\/\/anmpe.cl\/index.php\/2024\/02\/20\/anmpe-se-pronuncia-sobre-etica-periodistica-tras-hechos-en-municipalidad-de-maipu\/","title":{"rendered":"ANMPE se pronuncia sobre \u00e9tica period\u00edstica tras hechos en Municipalidad de Maip\u00fa"},"content":{"rendered":"\n<p><\/p>\n\n\n\n<p>La Asociaci\u00f3n Nacional de Mujeres Periodistas reafirma su compromiso con la profesionalizaci\u00f3n y el buen ejercicio de la labor period\u00edstica.<\/p>\n\n\n\n<p>La Asociaci\u00f3n Nacional de Mujeres Periodistas (ANMPE) emiti\u00f3 su opini\u00f3n respecto a los hechos ocurridos en la Municipalidad de Maip\u00fa durante la gesti\u00f3n de la exalcaldesa Cathy Barriga, destacando la importancia de la \u00e9tica y el respeto a la profesi\u00f3n.<\/p>\n\n\n\n<p>\u201cNuestra labor como periodistas no puede ser denigrada y debemos levantar la voz para que hechos de este tipo no se repitan. Consideramos que se debe aplicar la sanci\u00f3n del ejercicio ilegal de la profesi\u00f3n, especialmente en situaciones que afectan la fe p\u00fablica, ya que atentan contra la esencia de nuestra labor y el buen ejercicio del periodismo\u201d, se\u00f1alaron desde la Asociaci\u00f3n.<\/p>\n\n\n\n<p>Con este pronunciamiento, la ANMPE reafirma su compromiso por promover est\u00e1ndares \u00e9ticos y proteger la integridad de los profesionales del periodismo en Chile.<\/p>\n","protected":false},"excerpt":{"rendered":"<p>La Asociaci\u00f3n Nacional de Mujeres Periodistas reafirma su compromiso con la profesionalizaci\u00f3n y el buen ejercicio de la labor period\u00edstica. La Asociaci\u00f3n Nacional de Mujeres Periodistas (ANMPE) emiti\u00f3 su opini\u00f3n respecto a los hechos ocurridos en la Municipalidad de Maip\u00fa durante la gesti\u00f3n de la exalcaldesa Cathy Barriga, destacando la importancia de la \u00e9tica y&#8230;<\/p>\n","protected":false},"author":1,"featured_media":0,"comment_status":"closed","ping_status":"closed","sticky":false,"template":"","format":"standard","meta":{"_kadence_starter_templates_imported_post":false,"_kad_post_transparent":"","_kad_post_title":"","_kad_post_layout":"","_kad_post_sidebar_id":"","_kad_post_content_style":"","_kad_post_vertical_padding":"","_kad_post_feature":"","_kad_post_feature_position":"","_kad_post_header":false,"_kad_post_footer":false,"footnotes":""},"categories":[36,2],"tags":[],"class_list":["post-3159","post","type-post","status-publish","format-standard","hentry","category-comunicados-de-prensa","category-noticias"],"_links":{"self":[{"href":"https:\/\/anmpe.cl\/index.php\/wp-json\/wp\/v2\/posts\/3159","targetHints":{"allow":["GET"]}}],"collection":[{"href":"https:\/\/anmpe.cl\/index.php\/wp-json\/wp\/v2\/posts"}],"about":[{"href":"https:\/\/anmpe.cl\/index.php\/wp-json\/wp\/v2\/types\/post"}],"author":[{"embeddable":true,"href":"https:\/\/anmpe.cl\/index.php\/wp-json\/wp\/v2\/users\/1"}],"replies":[{"embeddable":true,"href":"https:\/\/anmpe.cl\/index.php\/wp-json\/wp\/v2\/comments?post=3159"}],"version-history":[{"count":1,"href":"https:\/\/anmpe.cl\/index.php\/wp-json\/wp\/v2\/posts\/3159\/revisions"}],"predecessor-version":[{"id":3160,"href":"https:\/\/anmpe.cl\/index.php\/wp-json\/wp\/v2\/posts\/3159\/revisions\/3160"}],"wp:attachment":[{"href":"https:\/\/anmpe.cl\/index.php\/wp-json\/wp\/v2\/media?parent=3159"}],"wp:term":[{"taxonomy":"category","embeddable":true,"href":"https:\/\/anmpe.cl\/index.php\/wp-json\/wp\/v2\/categories?post=3159"},{"taxonomy":"post_tag","embeddable":true,"href":"https:\/\/anmpe.cl\/index.php\/wp-json\/wp\/v2\/tags?post=3159"}],"curies":[{"name":"wp","href":"https:\/\/api.w.org\/{rel}","templated":true}]}}