{"id":3153,"date":"2023-12-26T15:22:00","date_gmt":"2023-12-26T19:22:00","guid":{"rendered":"https:\/\/anmpe.cl\/?p=3153"},"modified":"2025-09-09T14:27:17","modified_gmt":"2025-09-09T18:27:17","slug":"anmpe-participa-en-ceremonia-de-los-premios-nacionales-2023","status":"publish","type":"post","link":"https:\/\/anmpe.cl\/index.php\/2023\/12\/26\/anmpe-participa-en-ceremonia-de-los-premios-nacionales-2023\/","title":{"rendered":"ANMPE participa en ceremonia de los Premios Nacionales 2023"},"content":{"rendered":"\n<figure class=\"wp-block-image size-large\"><img loading=\"lazy\" decoding=\"async\" width=\"1024\" height=\"768\" src=\"https:\/\/anmpe.cl\/wp-content\/uploads\/2025\/09\/FOTO-7--1024x768.jpg\" alt=\"\" class=\"wp-image-3219\" srcset=\"https:\/\/anmpe.cl\/wp-content\/uploads\/2025\/09\/FOTO-7--1024x768.jpg 1024w, https:\/\/anmpe.cl\/wp-content\/uploads\/2025\/09\/FOTO-7--300x225.jpg 300w, https:\/\/anmpe.cl\/wp-content\/uploads\/2025\/09\/FOTO-7--768x576.jpg 768w, https:\/\/anmpe.cl\/wp-content\/uploads\/2025\/09\/FOTO-7-.jpg 1080w\" sizes=\"auto, (max-width: 1024px) 100vw, 1024px\" \/><\/figure>\n\n\n\n<p>La Asociaci\u00f3n Nacional de Mujeres Periodistas acompa\u00f1\u00f3 a la Premio Nacional de Periodismo Patricia Stambuk en el reconocimiento a los galardonados, destacando la importancia de visibilizar a profesionales de regiones.<\/p>\n\n\n\n<p>La Asociaci\u00f3n Nacional de Mujeres Periodistas (ANMPE) estuvo presente en La Moneda durante la ceremonia de los Premios Nacionales 2023, invitadas por la periodista y escritora Patricia Stambuk, Premio Nacional de Periodismo y socia de la Asociaci\u00f3n. Stambuk, oriunda de Punta Arenas, ha apoyado a la ANMPE desde sus inicios y abri\u00f3 un espacio para visibilizar la labor de las mujeres periodistas de todo el pa\u00eds.<\/p>\n\n\n\n<p>Durante la actividad, se escucharon reflexiones como las del Premio Nacional de Ciencias, quien se\u00f1al\u00f3 que solo 1 de cada 4 chilenos cumple sus sue\u00f1os y logra estudiar. Patricia Stambuk destac\u00f3 que a\u00fan faltan espacios de reconocimiento para profesionales de regiones, especialmente para periodistas, as\u00ed como m\u00e1s oportunidades en el \u00e1mbito cultural.<\/p>\n\n\n\n<p>La ANMPE reafirma su compromiso con estos temas, que motivan su trabajo gremial y su aporte a la capacitaci\u00f3n de periodistas en \u00e1reas como cultura, leyes y pol\u00edticas p\u00fablicas de prensa, perspectiva de g\u00e9nero, tecnolog\u00edas e inteligencia artificial, sustentabilidad y emprendimiento.<\/p>\n\n\n\n<figure class=\"wp-block-image size-large\"><img loading=\"lazy\" decoding=\"async\" width=\"1024\" height=\"768\" src=\"https:\/\/anmpe.cl\/wp-content\/uploads\/2025\/09\/FOTO-8-1-1-1024x768.jpg\" alt=\"\" class=\"wp-image-3220\" srcset=\"https:\/\/anmpe.cl\/wp-content\/uploads\/2025\/09\/FOTO-8-1-1-1024x768.jpg 1024w, https:\/\/anmpe.cl\/wp-content\/uploads\/2025\/09\/FOTO-8-1-1-300x225.jpg 300w, https:\/\/anmpe.cl\/wp-content\/uploads\/2025\/09\/FOTO-8-1-1-768x576.jpg 768w, https:\/\/anmpe.cl\/wp-content\/uploads\/2025\/09\/FOTO-8-1-1.jpg 1080w\" sizes=\"auto, (max-width: 1024px) 100vw, 1024px\" \/><\/figure>\n\n\n\n<figure class=\"wp-block-image size-large\"><img loading=\"lazy\" decoding=\"async\" width=\"1024\" height=\"768\" src=\"https:\/\/anmpe.cl\/wp-content\/uploads\/2025\/09\/FOTO-10--1024x768.jpg\" alt=\"\" class=\"wp-image-3221\" srcset=\"https:\/\/anmpe.cl\/wp-content\/uploads\/2025\/09\/FOTO-10--1024x768.jpg 1024w, https:\/\/anmpe.cl\/wp-content\/uploads\/2025\/09\/FOTO-10--300x225.jpg 300w, https:\/\/anmpe.cl\/wp-content\/uploads\/2025\/09\/FOTO-10--768x576.jpg 768w, https:\/\/anmpe.cl\/wp-content\/uploads\/2025\/09\/FOTO-10-.jpg 1080w\" sizes=\"auto, (max-width: 1024px) 100vw, 1024px\" \/><\/figure>\n","protected":false},"excerpt":{"rendered":"<p>La Asociaci\u00f3n Nacional de Mujeres Periodistas acompa\u00f1\u00f3 a la Premio Nacional de Periodismo Patricia Stambuk en el reconocimiento a los galardonados, destacando la importancia de visibilizar a profesionales de regiones. La Asociaci\u00f3n Nacional de Mujeres Periodistas (ANMPE) estuvo presente en La Moneda durante la ceremonia de los Premios Nacionales 2023, invitadas por la periodista y&#8230;<\/p>\n","protected":false},"author":1,"featured_media":0,"comment_status":"closed","ping_status":"closed","sticky":false,"template":"","format":"standard","meta":{"_kadence_starter_templates_imported_post":false,"_kad_post_transparent":"","_kad_post_title":"","_kad_post_layout":"","_kad_post_sidebar_id":"","_kad_post_content_style":"","_kad_post_vertical_padding":"","_kad_post_feature":"","_kad_post_feature_position":"","_kad_post_header":false,"_kad_post_footer":false,"footnotes":""},"categories":[36,2],"tags":[],"class_list":["post-3153","post","type-post","status-publish","format-standard","hentry","category-comunicados-de-prensa","category-noticias"],"_links":{"self":[{"href":"https:\/\/anmpe.cl\/index.php\/wp-json\/wp\/v2\/posts\/3153","targetHints":{"allow":["GET"]}}],"collection":[{"href":"https:\/\/anmpe.cl\/index.php\/wp-json\/wp\/v2\/posts"}],"about":[{"href":"https:\/\/anmpe.cl\/index.php\/wp-json\/wp\/v2\/types\/post"}],"author":[{"embeddable":true,"href":"https:\/\/anmpe.cl\/index.php\/wp-json\/wp\/v2\/users\/1"}],"replies":[{"embeddable":true,"href":"https:\/\/anmpe.cl\/index.php\/wp-json\/wp\/v2\/comments?post=3153"}],"version-history":[{"count":2,"href":"https:\/\/anmpe.cl\/index.php\/wp-json\/wp\/v2\/posts\/3153\/revisions"}],"predecessor-version":[{"id":3222,"href":"https:\/\/anmpe.cl\/index.php\/wp-json\/wp\/v2\/posts\/3153\/revisions\/3222"}],"wp:attachment":[{"href":"https:\/\/anmpe.cl\/index.php\/wp-json\/wp\/v2\/media?parent=3153"}],"wp:term":[{"taxonomy":"category","embeddable":true,"href":"https:\/\/anmpe.cl\/index.php\/wp-json\/wp\/v2\/categories?post=3153"},{"taxonomy":"post_tag","embeddable":true,"href":"https:\/\/anmpe.cl\/index.php\/wp-json\/wp\/v2\/tags?post=3153"}],"curies":[{"name":"wp","href":"https:\/\/api.w.org\/{rel}","templated":true}]}}