{"id":3151,"date":"2023-12-20T15:17:00","date_gmt":"2023-12-20T19:17:00","guid":{"rendered":"https:\/\/anmpe.cl\/?p=3151"},"modified":"2025-09-09T14:28:40","modified_gmt":"2025-09-09T18:28:40","slug":"anmpe-participa-en-ceremonia-comunicar-con-igualdad","status":"publish","type":"post","link":"https:\/\/anmpe.cl\/index.php\/2023\/12\/20\/anmpe-participa-en-ceremonia-comunicar-con-igualdad\/","title":{"rendered":"ANMPE participa en ceremonia \u201cComunicar con Igualdad\u201d"},"content":{"rendered":"\n<figure class=\"wp-block-image size-full\"><img loading=\"lazy\" decoding=\"async\" width=\"782\" height=\"637\" src=\"https:\/\/anmpe.cl\/wp-content\/uploads\/2025\/09\/FOTO-5-.jpg\" alt=\"\" class=\"wp-image-3215\" srcset=\"https:\/\/anmpe.cl\/wp-content\/uploads\/2025\/09\/FOTO-5-.jpg 782w, https:\/\/anmpe.cl\/wp-content\/uploads\/2025\/09\/FOTO-5--300x244.jpg 300w, https:\/\/anmpe.cl\/wp-content\/uploads\/2025\/09\/FOTO-5--768x626.jpg 768w\" sizes=\"auto, (max-width: 782px) 100vw, 782px\" \/><\/figure>\n\n\n\n<p>La presidenta Patricia Alrringo destac\u00f3 la iniciativa que reconoce a medios comunitarios por incorporar perspectiva de g\u00e9nero en sus contenidos.<\/p>\n\n\n\n<p>La Asociaci\u00f3n Nacional de Mujeres Periodistas (ANMPE) particip\u00f3 en la ceremonia de \u201cComunicar con Igualdad\u201d, iniciativa impulsada por el Ministerio Secretar\u00eda General de Gobierno y ONU Mujeres, que se llev\u00f3 a cabo en el Centro de Extensi\u00f3n del Instituto Nacional.<\/p>\n\n\n\n<p>En este sentido, la presidenta de la ANMPE, Patricia Alrringo, resalt\u00f3 la importancia de la iniciativa: \u201cAsistimos a una ceremonia donde 23 medios comunitarios de todo el pa\u00eds, encabezados en su mayor\u00eda por mujeres comunicadoras, fueron reconocidos por capacitarse en herramientas para integrar en sus medios una comunicaci\u00f3n con perspectiva de g\u00e9nero. Esto representa un avance importante, y como Asociaci\u00f3n de Mujeres Periodistas buscamos aportar en un espacio colaborativo junto a ONU Mujeres Chile y Segegob\u201d.<\/p>\n\n\n\n<p>\u201cComunicar con Igualdad\u201d surgi\u00f3 gracias al Fondo de Transversalizaci\u00f3n de G\u00e9nero, otorgado por el Ministerio de la Mujer y Equidad de G\u00e9nero, que la Segegob gan\u00f3 en 2023. La iniciativa busca entregar herramientas a los medios comunitarios para promover los derechos de las mujeres en distintos espacios de la sociedad.<\/p>\n\n\n\n<p>En la ceremonia participaron, entre otros, Patricia Alrringo, presidenta de la ANMPE, y Camila Vallejo, ministra Secretar\u00eda General de Gobierno.<\/p>\n\n\n\n<figure class=\"wp-block-image size-large\"><img loading=\"lazy\" decoding=\"async\" width=\"1024\" height=\"838\" src=\"https:\/\/anmpe.cl\/wp-content\/uploads\/2025\/09\/FOTO-6--1024x838.jpg\" alt=\"\" class=\"wp-image-3216\" srcset=\"https:\/\/anmpe.cl\/wp-content\/uploads\/2025\/09\/FOTO-6--1024x838.jpg 1024w, https:\/\/anmpe.cl\/wp-content\/uploads\/2025\/09\/FOTO-6--300x246.jpg 300w, https:\/\/anmpe.cl\/wp-content\/uploads\/2025\/09\/FOTO-6--768x629.jpg 768w, https:\/\/anmpe.cl\/wp-content\/uploads\/2025\/09\/FOTO-6-.jpg 1080w\" sizes=\"auto, (max-width: 1024px) 100vw, 1024px\" \/><\/figure>\n","protected":false},"excerpt":{"rendered":"<p>La presidenta Patricia Alrringo destac\u00f3 la iniciativa que reconoce a medios comunitarios por incorporar perspectiva de g\u00e9nero en sus contenidos. La Asociaci\u00f3n Nacional de Mujeres Periodistas (ANMPE) particip\u00f3 en la ceremonia de \u201cComunicar con Igualdad\u201d, iniciativa impulsada por el Ministerio Secretar\u00eda General de Gobierno y ONU Mujeres, que se llev\u00f3 a cabo en el Centro&#8230;<\/p>\n","protected":false},"author":1,"featured_media":0,"comment_status":"closed","ping_status":"closed","sticky":false,"template":"","format":"standard","meta":{"_kadence_starter_templates_imported_post":false,"_kad_post_transparent":"","_kad_post_title":"","_kad_post_layout":"","_kad_post_sidebar_id":"","_kad_post_content_style":"","_kad_post_vertical_padding":"","_kad_post_feature":"","_kad_post_feature_position":"","_kad_post_header":false,"_kad_post_footer":false,"footnotes":""},"categories":[36,2],"tags":[],"class_list":["post-3151","post","type-post","status-publish","format-standard","hentry","category-comunicados-de-prensa","category-noticias"],"_links":{"self":[{"href":"https:\/\/anmpe.cl\/index.php\/wp-json\/wp\/v2\/posts\/3151","targetHints":{"allow":["GET"]}}],"collection":[{"href":"https:\/\/anmpe.cl\/index.php\/wp-json\/wp\/v2\/posts"}],"about":[{"href":"https:\/\/anmpe.cl\/index.php\/wp-json\/wp\/v2\/types\/post"}],"author":[{"embeddable":true,"href":"https:\/\/anmpe.cl\/index.php\/wp-json\/wp\/v2\/users\/1"}],"replies":[{"embeddable":true,"href":"https:\/\/anmpe.cl\/index.php\/wp-json\/wp\/v2\/comments?post=3151"}],"version-history":[{"count":2,"href":"https:\/\/anmpe.cl\/index.php\/wp-json\/wp\/v2\/posts\/3151\/revisions"}],"predecessor-version":[{"id":3217,"href":"https:\/\/anmpe.cl\/index.php\/wp-json\/wp\/v2\/posts\/3151\/revisions\/3217"}],"wp:attachment":[{"href":"https:\/\/anmpe.cl\/index.php\/wp-json\/wp\/v2\/media?parent=3151"}],"wp:term":[{"taxonomy":"category","embeddable":true,"href":"https:\/\/anmpe.cl\/index.php\/wp-json\/wp\/v2\/categories?post=3151"},{"taxonomy":"post_tag","embeddable":true,"href":"https:\/\/anmpe.cl\/index.php\/wp-json\/wp\/v2\/tags?post=3151"}],"curies":[{"name":"wp","href":"https:\/\/api.w.org\/{rel}","templated":true}]}}