{"id":3144,"date":"2023-09-16T16:36:00","date_gmt":"2023-09-16T20:36:00","guid":{"rendered":"https:\/\/anmpe.cl\/?p=3144"},"modified":"2025-09-09T14:46:32","modified_gmt":"2025-09-09T18:46:32","slug":"patricia-alrringo-responde-al-cuestionario-esencial-de-revista-el-sabado","status":"publish","type":"post","link":"https:\/\/anmpe.cl\/index.php\/2023\/09\/16\/patricia-alrringo-responde-al-cuestionario-esencial-de-revista-el-sabado\/","title":{"rendered":"Patricia Alrringo responde al \u201cCuestionario esencial\u201d de Revista El S\u00e1bado"},"content":{"rendered":"\n<p><\/p>\n\n\n\n<p>La presidenta de la ANMPE comparti\u00f3 sus respuestas en la secci\u00f3n m\u00e1s personal y entretenida de la revista de El Mercurio.<\/p>\n\n\n\n<p>La presidenta de la Asociaci\u00f3n Nacional de Mujeres Periodistas (ANMPE), Patricia Alrringo, fue invitada por Revista El S\u00e1bado a responder su tradicional \u201cCuestionario esencial\u201d. En esta secci\u00f3n, Alrringo comparti\u00f3 aspectos personales y profesionales, ofreciendo una mirada cercana y entretenida sobre su vida y visi\u00f3n.<\/p>\n\n\n\n<p><\/p>\n","protected":false},"excerpt":{"rendered":"<p>La presidenta de la ANMPE comparti\u00f3 sus respuestas en la secci\u00f3n m\u00e1s personal y entretenida de la revista de El Mercurio. La presidenta de la Asociaci\u00f3n Nacional de Mujeres Periodistas (ANMPE), Patricia Alrringo, fue invitada por Revista El S\u00e1bado a responder su tradicional \u201cCuestionario esencial\u201d. En esta secci\u00f3n, Alrringo comparti\u00f3 aspectos personales y profesionales, ofreciendo&#8230;<\/p>\n","protected":false},"author":1,"featured_media":0,"comment_status":"closed","ping_status":"closed","sticky":false,"template":"","format":"standard","meta":{"_kadence_starter_templates_imported_post":false,"_kad_post_transparent":"","_kad_post_title":"","_kad_post_layout":"","_kad_post_sidebar_id":"","_kad_post_content_style":"","_kad_post_vertical_padding":"","_kad_post_feature":"","_kad_post_feature_position":"","_kad_post_header":false,"_kad_post_footer":false,"footnotes":""},"categories":[36,2],"tags":[],"class_list":["post-3144","post","type-post","status-publish","format-standard","hentry","category-comunicados-de-prensa","category-noticias"],"_links":{"self":[{"href":"https:\/\/anmpe.cl\/index.php\/wp-json\/wp\/v2\/posts\/3144","targetHints":{"allow":["GET"]}}],"collection":[{"href":"https:\/\/anmpe.cl\/index.php\/wp-json\/wp\/v2\/posts"}],"about":[{"href":"https:\/\/anmpe.cl\/index.php\/wp-json\/wp\/v2\/types\/post"}],"author":[{"embeddable":true,"href":"https:\/\/anmpe.cl\/index.php\/wp-json\/wp\/v2\/users\/1"}],"replies":[{"embeddable":true,"href":"https:\/\/anmpe.cl\/index.php\/wp-json\/wp\/v2\/comments?post=3144"}],"version-history":[{"count":1,"href":"https:\/\/anmpe.cl\/index.php\/wp-json\/wp\/v2\/posts\/3144\/revisions"}],"predecessor-version":[{"id":3145,"href":"https:\/\/anmpe.cl\/index.php\/wp-json\/wp\/v2\/posts\/3144\/revisions\/3145"}],"wp:attachment":[{"href":"https:\/\/anmpe.cl\/index.php\/wp-json\/wp\/v2\/media?parent=3144"}],"wp:term":[{"taxonomy":"category","embeddable":true,"href":"https:\/\/anmpe.cl\/index.php\/wp-json\/wp\/v2\/categories?post=3144"},{"taxonomy":"post_tag","embeddable":true,"href":"https:\/\/anmpe.cl\/index.php\/wp-json\/wp\/v2\/tags?post=3144"}],"curies":[{"name":"wp","href":"https:\/\/api.w.org\/{rel}","templated":true}]}}