{"id":3140,"date":"2023-08-20T15:03:00","date_gmt":"2023-08-20T19:03:00","guid":{"rendered":"https:\/\/anmpe.cl\/?p=3140"},"modified":"2025-09-09T14:31:31","modified_gmt":"2025-09-09T18:31:31","slug":"seminario-sobre-canceres-femeninos-inauguro-gestion-2023-2025-de-la-anmpe","status":"publish","type":"post","link":"https:\/\/anmpe.cl\/index.php\/2023\/08\/20\/seminario-sobre-canceres-femeninos-inauguro-gestion-2023-2025-de-la-anmpe\/","title":{"rendered":"Seminario sobre c\u00e1nceres femeninos inaugur\u00f3 gesti\u00f3n 2023-2025 de la ANMPE"},"content":{"rendered":"\n<figure class=\"wp-block-image size-large\"><img loading=\"lazy\" decoding=\"async\" width=\"1024\" height=\"768\" src=\"https:\/\/anmpe.cl\/wp-content\/uploads\/2025\/09\/fOTO-2--1024x768.jpg\" alt=\"\" class=\"wp-image-3210\" srcset=\"https:\/\/anmpe.cl\/wp-content\/uploads\/2025\/09\/fOTO-2--1024x768.jpg 1024w, https:\/\/anmpe.cl\/wp-content\/uploads\/2025\/09\/fOTO-2--300x225.jpg 300w, https:\/\/anmpe.cl\/wp-content\/uploads\/2025\/09\/fOTO-2--768x576.jpg 768w, https:\/\/anmpe.cl\/wp-content\/uploads\/2025\/09\/fOTO-2-.jpg 1080w\" sizes=\"auto, (max-width: 1024px) 100vw, 1024px\" \/><\/figure>\n\n\n\n<p>La actividad se realiz\u00f3 en el Instituto del C\u00e1ncer de RedSalud y reuni\u00f3 a especialistas, periodistas y dirigentas para reforzar el llamado a la prevenci\u00f3n.<\/p>\n\n\n\n<p>El pasado jueves 31 de agosto se llev\u00f3 a cabo el seminario \u201cC\u00e1nceres femeninos: con mujeres periodistas\u201d, primera actividad de la gesti\u00f3n 2023-2025 de la Asociaci\u00f3n Nacional de Mujeres Periodistas (ANMPE). La instancia se realiz\u00f3 en el Auditorio del Instituto del C\u00e1ncer de RedSalud, en Vitacura, y convoc\u00f3 a m\u00e1s de un centenar de asistentes de manera presencial y online.<\/p>\n\n\n\n<p>La presidenta de la ANMPE, Patricia Alrringo, subray\u00f3 la importancia de recordar a las mujeres -y en particular a las periodistas- la necesidad de realizarse anualmente los ex\u00e1menes preventivos. Asimismo, valor\u00f3 el rol de Carolina Goic en la tramitaci\u00f3n de la Ley del C\u00e1ncer y destac\u00f3 la organizaci\u00f3n del seminario a cargo de la socia Nancy Ortiz, quien ha impulsado este tema dentro de la agenda de la Asociaci\u00f3n.<\/p>\n\n\n\n<p>El panel estuvo integrado por Carolina Goic, directora ejecutiva del Foro Nacional del C\u00e1ncer; la doctora Claudia Gamargo, onc\u00f3loga del Instituto del C\u00e1ncer de RedSalud; y Pamela Morales, periodista y socia de la ANMPE. Todas coincidieron en la necesidad de reforzar la prevenci\u00f3n y el diagn\u00f3stico temprano de esta enfermedad.<\/p>\n\n\n\n<p>\u201cCon un diagn\u00f3stico oportuno las mujeres se pueden sanar\u2026 el desaf\u00edo tiene que ver con la equidad y aqu\u00ed hay que poner el foco, para que todas tengamos acceso\u201d, se\u00f1al\u00f3 Goic.<\/p>\n\n\n\n<p>Por su parte, la doctora Gamargo recalc\u00f3 que \u201cel c\u00e1ncer cervicouterino est\u00e1 en todo nuestro pa\u00eds\u2026 disminuirlo en Chile es prioridad y no vamos a parar hasta que sea realidad, con estrategias de prevenci\u00f3n, diagn\u00f3stico temprano, entre otras\u201d.<\/p>\n\n\n\n<p>Tambi\u00e9n estuvo presente en la actividad la ex presidenta de la ANMPE Patricia Silva.<\/p>\n\n\n\n<p>Al cierre, la Asociaci\u00f3n agradeci\u00f3 la alta participaci\u00f3n y record\u00f3 la importancia de realizarse los ex\u00e1menes preventivos. Adem\u00e1s, las asistentes podr\u00e1n acceder a un examen VPH gratuito en los centros de salud de RedSalud.<\/p>\n\n\n\n<figure class=\"wp-block-image size-large\"><img loading=\"lazy\" decoding=\"async\" width=\"1024\" height=\"768\" src=\"https:\/\/anmpe.cl\/wp-content\/uploads\/2025\/09\/FOTO-3--1024x768.jpg\" alt=\"\" class=\"wp-image-3211\" srcset=\"https:\/\/anmpe.cl\/wp-content\/uploads\/2025\/09\/FOTO-3--1024x768.jpg 1024w, https:\/\/anmpe.cl\/wp-content\/uploads\/2025\/09\/FOTO-3--300x225.jpg 300w, https:\/\/anmpe.cl\/wp-content\/uploads\/2025\/09\/FOTO-3--768x576.jpg 768w, https:\/\/anmpe.cl\/wp-content\/uploads\/2025\/09\/FOTO-3-.jpg 1080w\" sizes=\"auto, (max-width: 1024px) 100vw, 1024px\" \/><\/figure>\n","protected":false},"excerpt":{"rendered":"<p>La actividad se realiz\u00f3 en el Instituto del C\u00e1ncer de RedSalud y reuni\u00f3 a especialistas, periodistas y dirigentas para reforzar el llamado a la prevenci\u00f3n. El pasado jueves 31 de agosto se llev\u00f3 a cabo el seminario \u201cC\u00e1nceres femeninos: con mujeres periodistas\u201d, primera actividad de la gesti\u00f3n 2023-2025 de la Asociaci\u00f3n Nacional de Mujeres Periodistas&#8230;<\/p>\n","protected":false},"author":1,"featured_media":0,"comment_status":"closed","ping_status":"closed","sticky":false,"template":"","format":"standard","meta":{"_kadence_starter_templates_imported_post":false,"_kad_post_transparent":"","_kad_post_title":"","_kad_post_layout":"","_kad_post_sidebar_id":"","_kad_post_content_style":"","_kad_post_vertical_padding":"","_kad_post_feature":"","_kad_post_feature_position":"","_kad_post_header":false,"_kad_post_footer":false,"footnotes":""},"categories":[36,2],"tags":[],"class_list":["post-3140","post","type-post","status-publish","format-standard","hentry","category-comunicados-de-prensa","category-noticias"],"_links":{"self":[{"href":"https:\/\/anmpe.cl\/index.php\/wp-json\/wp\/v2\/posts\/3140","targetHints":{"allow":["GET"]}}],"collection":[{"href":"https:\/\/anmpe.cl\/index.php\/wp-json\/wp\/v2\/posts"}],"about":[{"href":"https:\/\/anmpe.cl\/index.php\/wp-json\/wp\/v2\/types\/post"}],"author":[{"embeddable":true,"href":"https:\/\/anmpe.cl\/index.php\/wp-json\/wp\/v2\/users\/1"}],"replies":[{"embeddable":true,"href":"https:\/\/anmpe.cl\/index.php\/wp-json\/wp\/v2\/comments?post=3140"}],"version-history":[{"count":2,"href":"https:\/\/anmpe.cl\/index.php\/wp-json\/wp\/v2\/posts\/3140\/revisions"}],"predecessor-version":[{"id":3212,"href":"https:\/\/anmpe.cl\/index.php\/wp-json\/wp\/v2\/posts\/3140\/revisions\/3212"}],"wp:attachment":[{"href":"https:\/\/anmpe.cl\/index.php\/wp-json\/wp\/v2\/media?parent=3140"}],"wp:term":[{"taxonomy":"category","embeddable":true,"href":"https:\/\/anmpe.cl\/index.php\/wp-json\/wp\/v2\/categories?post=3140"},{"taxonomy":"post_tag","embeddable":true,"href":"https:\/\/anmpe.cl\/index.php\/wp-json\/wp\/v2\/tags?post=3140"}],"curies":[{"name":"wp","href":"https:\/\/api.w.org\/{rel}","templated":true}]}}