{"id":3138,"date":"2023-08-17T16:02:00","date_gmt":"2023-08-17T20:02:00","guid":{"rendered":"https:\/\/anmpe.cl\/?p=3138"},"modified":"2025-09-09T15:22:02","modified_gmt":"2025-09-09T19:22:02","slug":"anmpe-en-mujeres-al-poder-de-radio-el-conquistador","status":"publish","type":"post","link":"https:\/\/anmpe.cl\/index.php\/2023\/08\/17\/anmpe-en-mujeres-al-poder-de-radio-el-conquistador\/","title":{"rendered":"ANMPE en \u201cMujeres al Poder\u201d de Radio El Conquistador"},"content":{"rendered":"\n<p><\/p>\n\n\n\n<p>La presidenta Patricia Alrringo fue entrevistada por la periodista Evelyn Miller, donde abord\u00f3 los desaf\u00edos de la Asociaci\u00f3n para el nuevo per\u00edodo.<\/p>\n\n\n\n<p>La Asociaci\u00f3n Nacional de Mujeres Periodistas fue invitada al programa \u201cMujeres al Poder\u201d de Radio El Conquistador, red de Los Lagos. En la entrevista, la presidenta Patricia Alrringo destac\u00f3 la importancia de dise\u00f1ar un programa motivador que permita llegar a las periodistas de regiones, como uno de los principales desaf\u00edos para este nuevo per\u00edodo. <\/p>\n","protected":false},"excerpt":{"rendered":"<p>La presidenta Patricia Alrringo fue entrevistada por la periodista Evelyn Miller, donde abord\u00f3 los desaf\u00edos de la Asociaci\u00f3n para el nuevo per\u00edodo. La Asociaci\u00f3n Nacional de Mujeres Periodistas fue invitada al programa \u201cMujeres al Poder\u201d de Radio El Conquistador, red de Los Lagos. En la entrevista, la presidenta Patricia Alrringo destac\u00f3 la importancia de dise\u00f1ar&#8230;<\/p>\n","protected":false},"author":1,"featured_media":0,"comment_status":"closed","ping_status":"closed","sticky":false,"template":"","format":"standard","meta":{"_kadence_starter_templates_imported_post":false,"_kad_post_transparent":"","_kad_post_title":"","_kad_post_layout":"","_kad_post_sidebar_id":"","_kad_post_content_style":"","_kad_post_vertical_padding":"","_kad_post_feature":"","_kad_post_feature_position":"","_kad_post_header":false,"_kad_post_footer":false,"footnotes":""},"categories":[36,2],"tags":[],"class_list":["post-3138","post","type-post","status-publish","format-standard","hentry","category-comunicados-de-prensa","category-noticias"],"_links":{"self":[{"href":"https:\/\/anmpe.cl\/index.php\/wp-json\/wp\/v2\/posts\/3138","targetHints":{"allow":["GET"]}}],"collection":[{"href":"https:\/\/anmpe.cl\/index.php\/wp-json\/wp\/v2\/posts"}],"about":[{"href":"https:\/\/anmpe.cl\/index.php\/wp-json\/wp\/v2\/types\/post"}],"author":[{"embeddable":true,"href":"https:\/\/anmpe.cl\/index.php\/wp-json\/wp\/v2\/users\/1"}],"replies":[{"embeddable":true,"href":"https:\/\/anmpe.cl\/index.php\/wp-json\/wp\/v2\/comments?post=3138"}],"version-history":[{"count":1,"href":"https:\/\/anmpe.cl\/index.php\/wp-json\/wp\/v2\/posts\/3138\/revisions"}],"predecessor-version":[{"id":3139,"href":"https:\/\/anmpe.cl\/index.php\/wp-json\/wp\/v2\/posts\/3138\/revisions\/3139"}],"wp:attachment":[{"href":"https:\/\/anmpe.cl\/index.php\/wp-json\/wp\/v2\/media?parent=3138"}],"wp:term":[{"taxonomy":"category","embeddable":true,"href":"https:\/\/anmpe.cl\/index.php\/wp-json\/wp\/v2\/categories?post=3138"},{"taxonomy":"post_tag","embeddable":true,"href":"https:\/\/anmpe.cl\/index.php\/wp-json\/wp\/v2\/tags?post=3138"}],"curies":[{"name":"wp","href":"https:\/\/api.w.org\/{rel}","templated":true}]}}