{"id":2629,"date":"2024-10-14T12:16:00","date_gmt":"2024-10-14T16:16:00","guid":{"rendered":"https:\/\/anmpe.cl\/?p=2629"},"modified":"2025-11-24T19:29:55","modified_gmt":"2025-11-24T23:29:55","slug":"convocatoria-premio-raquel-correa-2024","status":"publish","type":"post","link":"https:\/\/anmpe.cl\/index.php\/2024\/10\/14\/convocatoria-premio-raquel-correa-2024\/","title":{"rendered":"Convocatoria Premio Raquel Correa 2024"},"content":{"rendered":"\n<figure class=\"wp-block-image size-full is-style-default\"><img loading=\"lazy\" decoding=\"async\" width=\"702\" height=\"973\" src=\"https:\/\/anmpe.cl\/wp-content\/uploads\/2024\/10\/Raquel-Correa_2024-1.jpg\" alt=\"\" class=\"wp-image-2630\" style=\"aspect-ratio:3\/4;object-fit:cover\" srcset=\"https:\/\/anmpe.cl\/wp-content\/uploads\/2024\/10\/Raquel-Correa_2024-1.jpg 702w, https:\/\/anmpe.cl\/wp-content\/uploads\/2024\/10\/Raquel-Correa_2024-1-216x300.jpg 216w\" sizes=\"auto, (max-width: 702px) 100vw, 702px\" \/><\/figure>\n\n\n<p>La Asociaci\u00f3n Nacional de Mujeres Periodistas, ANMPE, invita a todas las periodistas de medios de comunicaci\u00f3n: prensa escrita, televisi\u00f3n, radio y medios digitales, que se dediquen al g\u00e9nero entrevista a postular al <strong>\u00abPremio Raquel Correa 2024\u2033,\u00a0 <\/strong>en su quinta versi\u00f3n bienal.<\/p>\n<p><!-- \/wp:post-content --><!-- wp:paragraph --><\/p>\n<p>Con este premio se pretende distinguir a la mejor entrevistadora del pa\u00eds, el cual adem\u00e1s busca honrar la memoria de la destacada periodista Raquel Correa y resaltar los valores profesionales que ella aport\u00f3 a Chile, con un periodismo de calidad y su indiscutida capacidad como entrevistadora.<\/p>\n<p><!-- \/wp:paragraph --><!-- wp:paragraph --><\/p>\n<p><strong>Bases<\/strong>:\u00a0<\/p>\n<p><!-- \/wp:paragraph --><!-- wp:paragraph --><\/p>\n<p>1. Ser periodista\u00a0y de nacionalidad\u00a0chilena.<\/p>\n<p><!-- \/wp:paragraph --><!-- wp:paragraph --><\/p>\n<p>2. Adjuntar T\u00edtulo de periodista o certificado de t\u00edtulo.<\/p>\n<p><!-- \/wp:paragraph --><!-- wp:paragraph --><\/p>\n<p>3. Se adjuntaran las entrevistas m\u00e1s destacadas que ha realizado la postulante en los \u00faltimos dos a\u00f1os, en una selecci\u00f3n de cinco entrevistas, ya sean estas impresas, digitales, en audio o video.<\/p>\n<p><!-- \/wp:paragraph --><!-- wp:list {\"ordered\":true,\"type\":\"1\"} --><\/p>\n<p><strong><!-- \/wp:list --><!-- wp:paragraph -->Entrevista impresa<\/strong>: debe ser presentada en PDF del medio donde se public\u00f3 y archivos en formato PDF de lectura.<\/p>\n<p><!-- \/wp:paragraph --><!-- wp:paragraph --><\/p>\n<p><strong>Entrevista de radio o podcast<\/strong>: se debe adjuntar la entrevista (sin comerciales en lo posible) y link de la publicaci\u00f3n.\u00a0<\/p>\n<p><!-- \/wp:paragraph --><!-- wp:paragraph --><\/p>\n<p><strong>Entrevista de Televisi\u00f3n<\/strong>: se debe adjuntar la entrevista (sin comerciales en lo posible) o link de la publicaci\u00f3n.<\/p>\n<p><!-- \/wp:paragraph --><!-- wp:paragraph --><\/p>\n<p><strong>Entrevista de medios digitales<\/strong>: se debe adjuntar recortes en PDF y link de la publicaci\u00f3n.<\/p>\n<p><!-- \/wp:paragraph --><!-- wp:paragraph --><\/p>\n<p>4. Las candidatas deben incluir su <strong>Curriculum vitae <\/strong>(extracto de su trabajo como entrevistadora y periodista) y una carta con los fundamentos de su postulaci\u00f3n.<\/p>\n<p><!-- \/wp:paragraph --><!-- wp:paragraph --><\/p>\n<p>5. Las candidatas pueden ser postuladas por los medios o lugares donde trabajan y tambi\u00e9n por colegas periodistas, adjuntando los antecedentes definidos en el p\u00e1rrafo anterior. Las propias interesadas tambi\u00e9n pueden postular y enviar los documentos solicitados.<\/p>\n<p><!-- \/wp:paragraph --><!-- wp:paragraph --><\/p>\n<p>6. El Premio Raquel Correa premia a la mejor entrevistadora, por lo tanto, es necesario destacar en los antecedentes los aspectos mas sobresalientes de la candidata. As\u00ed como el programa, medio\u00a0y lugar donde se desempe\u00f1a.\u00a0<\/p>\n<p><!-- \/wp:paragraph --><!-- wp:paragraph --><\/p>\n<p>7. El plazo de postulaci\u00f3n finaliza el 12 de noviembre del presente a\u00f1o. Los antecedentes deben ser enviados al correo\u00a0<a href=\"mailto:contacto@anmpe.cl\" target=\"_blank\" rel=\"noopener\">contacto@anmpe.cl<\/a> (no se\u00a0recibir\u00e1n postulaciones enviada a\u00a0otro correo).\u00a0<\/p>\n<p><!-- \/wp:paragraph --><!-- wp:paragraph --><\/p>\n<p>8. La premiada ser\u00e1 autom\u00e1ticamente socia de \u00a0la Asociaci\u00f3n Nacional de Mujeres Periodistas y se compromete a ser part\u00edcipe de las actividades donde requiera la Asociaci\u00f3n. Del mismo modo, toda entrevista que emita<br \/>correspondiente a su nuevo cargo Premio Raquel Correa 2024 ser\u00e1 representando a nuestra Asociaci\u00f3n.\u00a0<\/p>\n<p><!-- \/wp:paragraph --><!-- wp:paragraph --><\/p>\n<p>La postulaci\u00f3n al Premio Raquel Correa 2024 implica la aceptaci\u00f3n de estas bases.<\/p>\n<p><!-- \/wp:paragraph --><!-- wp:paragraph --><\/p>\n<p>Formulario obligatorio <a href=\"https:\/\/forms.gle\/SJCNUjzoe1JRDRoC8\">link<\/a><\/p>\n<p><!-- \/wp:paragraph --><!-- wp:paragraph --><\/p>\n<p><strong>Consultas\u00a0a\u00a0Secretar\u00eda<\/strong> contacto@anmpe.cl.<\/p>\n<p>El Jurado estar\u00e1 compuesto por:\u00a0<\/p>\n<p><strong>Directorio Asociaci\u00f3n Nacional de Mujeres Periodistas 2024, el Premio Raquel Correa 2022, \u00faltimo Premio Lenka Franulic y una Universidad invitada<\/strong><\/p>\n<p><!-- \/wp:paragraph --><\/p>\n<p class=\"MsoNormal\" style=\"background: white;\"><span style=\"font-family: 'Arial',sans-serif; mso-fareast-font-family: 'Times New Roman'; color: #222222; mso-fareast-language: ES-TRAD;\">\u00a0<\/span><\/p>\n<p class=\"MsoNormal\" style=\"background: white;\"><span style=\"font-family: 'Arial',sans-serif; mso-fareast-font-family: 'Times New Roman'; color: #222222; mso-fareast-language: ES-TRAD;\">\u00a0<\/span><\/p>\n<p class=\"MsoNormal\">","protected":false},"excerpt":{"rendered":"<p>La Asociaci\u00f3n Nacional de Mujeres Periodistas, ANMPE, invita a todas las periodistas de medios de comunicaci\u00f3n: prensa escrita, televisi\u00f3n, radio y medios digitales, que se dediquen al g\u00e9nero entrevista a postular al \u00abPremio Raquel Correa 2024\u2033,\u00a0 en su quinta versi\u00f3n bienal. Con este premio se pretende distinguir a la mejor entrevistadora del pa\u00eds, el cual&#8230;<\/p>\n","protected":false},"author":1,"featured_media":2630,"comment_status":"closed","ping_status":"closed","sticky":true,"template":"","format":"standard","meta":{"_kadence_starter_templates_imported_post":false,"_kad_post_transparent":"","_kad_post_title":"","_kad_post_layout":"","_kad_post_sidebar_id":"","_kad_post_content_style":"","_kad_post_vertical_padding":"","_kad_post_feature":"","_kad_post_feature_position":"","_kad_post_header":false,"_kad_post_footer":false,"footnotes":""},"categories":[36,2],"tags":[],"class_list":["post-2629","post","type-post","status-publish","format-standard","has-post-thumbnail","hentry","category-comunicados-de-prensa","category-noticias"],"_links":{"self":[{"href":"https:\/\/anmpe.cl\/index.php\/wp-json\/wp\/v2\/posts\/2629","targetHints":{"allow":["GET"]}}],"collection":[{"href":"https:\/\/anmpe.cl\/index.php\/wp-json\/wp\/v2\/posts"}],"about":[{"href":"https:\/\/anmpe.cl\/index.php\/wp-json\/wp\/v2\/types\/post"}],"author":[{"embeddable":true,"href":"https:\/\/anmpe.cl\/index.php\/wp-json\/wp\/v2\/users\/1"}],"replies":[{"embeddable":true,"href":"https:\/\/anmpe.cl\/index.php\/wp-json\/wp\/v2\/comments?post=2629"}],"version-history":[{"count":10,"href":"https:\/\/anmpe.cl\/index.php\/wp-json\/wp\/v2\/posts\/2629\/revisions"}],"predecessor-version":[{"id":3207,"href":"https:\/\/anmpe.cl\/index.php\/wp-json\/wp\/v2\/posts\/2629\/revisions\/3207"}],"wp:featuredmedia":[{"embeddable":true,"href":"https:\/\/anmpe.cl\/index.php\/wp-json\/wp\/v2\/media\/2630"}],"wp:attachment":[{"href":"https:\/\/anmpe.cl\/index.php\/wp-json\/wp\/v2\/media?parent=2629"}],"wp:term":[{"taxonomy":"category","embeddable":true,"href":"https:\/\/anmpe.cl\/index.php\/wp-json\/wp\/v2\/categories?post=2629"},{"taxonomy":"post_tag","embeddable":true,"href":"https:\/\/anmpe.cl\/index.php\/wp-json\/wp\/v2\/tags?post=2629"}],"curies":[{"name":"wp","href":"https:\/\/api.w.org\/{rel}","templated":true}]}}