{"id":2543,"date":"2023-10-02T08:07:57","date_gmt":"2023-10-02T12:07:57","guid":{"rendered":"https:\/\/anmpe.cl\/?p=2543"},"modified":"2023-10-02T08:08:05","modified_gmt":"2023-10-02T12:08:05","slug":"asociacion-nacional-de-mujeres-periodistas-manifiesta-preocupacion-por-querella-en-contra-de-periodista-de-la-tercera","status":"publish","type":"post","link":"https:\/\/anmpe.cl\/index.php\/2023\/10\/02\/asociacion-nacional-de-mujeres-periodistas-manifiesta-preocupacion-por-querella-en-contra-de-periodista-de-la-tercera\/","title":{"rendered":"Asociaci\u00f3n Nacional de Mujeres Periodistas manifiesta preocupaci\u00f3n por querella en contra de periodista de La Tercera"},"content":{"rendered":"\n<p>\u201cLa hemos le\u00eddo cuidadosamente, con la finalidad de comprender desde cu\u00e1ndo investigar e informar se vuelve injurioso y amenazante\u201d, dice el documento firmado por la presidenta, Patricia Alrringo, y el directorio.<\/p>\n\n\n\n<p>A trav\u00e9s de un comunicado, la\u00a0<strong>Asociaci\u00f3n Nacional de Mujeres Periodistas<\/strong>manifest\u00f3 este jueves que observa \u201ccon mucha preocupaci\u00f3n la querella presentada contra la periodista<strong>\u00a0<\/strong>Leslie Ayala del medio La Tercera, por parte del alcalde Daniel Jadue\u201d.<\/p>\n\n\n\n<p>\u201c<strong>La hemos le\u00eddo cuidadosamente, con la finalidad de comprender desde cu\u00e1ndo investigar e informar se vuelve injurioso y amenazante<\/strong>\u201d, dice el documento firmado por la presidenta,&nbsp;<strong>Patricia Alrringo<\/strong>, y el directorio.<\/p>\n\n\n\n<p>El comunicado agrega que \u201csi bien la profesional no es socia de nuestro gremio,<strong>\u00a0como mujeres periodistas no podemos permanecer indiferentes frente a esta ofensiva que busca limitar una investigaci\u00f3n period\u00edstica y censurar la libertad de prensa e informaci\u00f3n<\/strong>.<strong>\u00a0No podemos permitir que los y las periodistas sean amedrentadas<\/strong>, cada vez que una informaci\u00f3n no gusta o no le conviene a alguien, m\u00e1s a\u00fan cuando es alguien en las esferas del poder. Hoy, cuando estamos en una crisis de desinformaci\u00f3n, donde todas las organizaciones de periodistas y la academia, estamos buscando m\u00e1s y mejores instrumentos para combatir este tipo de Contenidos\u201d.<\/p>\n\n\n\n<p>En el escrito plantean tambi\u00e9n que como asociaci\u00f3n se han \u201cdetenido en varias oportunidades a se\u00f1alar cu\u00e1les son los caminos de la libertad de prensa y expresi\u00f3n, esa que es bueno reiterar y recordar y es que \u2018todo individuo tiene derecho a la libertad de opini\u00f3n y de expresi\u00f3n; este derecho incluye el de no ser molestado a causa de sus opiniones, el de investigar y recibir informaciones y opiniones, y el de difundirlas, sin limitaci\u00f3n de fronteras, por cualquier medio de expresi\u00f3n\u2019, seg\u00fan se\u00f1ala el<strong>\u00a0art\u00edculo19 de la Declaraci\u00f3n Universal de los Derechos Humanos\u201d.<\/strong><\/p>\n\n\n\n<p><strong>\u201cNo podemos dejar de mencionar que miramos con mucha preocupaci\u00f3n el comportamiento del mundo pol\u00edtico cuando se trata de apuntar con el dedo a periodistas que hacen su trabajo.<\/strong>&nbsp;Ya nos toc\u00f3 presenciar la desvinculaci\u00f3n de mujeres periodistas connotadas tanto de medios como de la comunicaci\u00f3n estrat\u00e9gica en el servicio p\u00fablico. A todas luces, ambas de manera injustificada y nos ha llevado en m\u00e1s de alguna ocasi\u00f3n a pronunciarnos y solidarizar con nuestras pares\u201d, agregaron.&nbsp;<\/p>\n\n\n\n<p>En esa l\u00ednea, la Asociaci\u00f3n Nacional de Mujeres Periodistas hizo un \u201c<strong>llamado p\u00fablico a cuidar a nuestras periodistas, el lenguaje, la vocaci\u00f3n y el ejercicio de la profesi\u00f3n, as\u00ed como el escrutinio en redes sociales del cual son v\u00edctimas\u201d.<\/strong><\/p>\n\n\n\n<p>Al final del comunicado plantean que la asociaci\u00f3n se ha \u201ccentrado\u201d en \u201cun plan estrat\u00e9gico de capacitaciones para aportar a un mejor periodismo en nuestra agenda 2030, y&nbsp;<strong>as\u00ed combatir la verdadera desinformaci\u00f3n,<\/strong>&nbsp;potenciar el uso de la inteligencia artificial a nuestro favor y mejorar instrumentos que nos permitan una informaci\u00f3n con perspectiva de g\u00e9nero en el periodismo, que son temas que nos mueven y motivan como gremio\u201d.<\/p>\n","protected":false},"excerpt":{"rendered":"<p>\u201cLa hemos le\u00eddo cuidadosamente, con la finalidad de comprender desde cu\u00e1ndo investigar e informar se vuelve injurioso y amenazante\u201d, dice el documento firmado por la presidenta, Patricia Alrringo, y el directorio. A trav\u00e9s de un comunicado, la\u00a0Asociaci\u00f3n Nacional de Mujeres Periodistasmanifest\u00f3 este jueves que observa \u201ccon mucha preocupaci\u00f3n la querella presentada contra la periodista\u00a0Leslie Ayala&#8230;<\/p>\n","protected":false},"author":1,"featured_media":2544,"comment_status":"closed","ping_status":"closed","sticky":false,"template":"","format":"standard","meta":{"_kadence_starter_templates_imported_post":false,"_kad_post_transparent":"","_kad_post_title":"","_kad_post_layout":"","_kad_post_sidebar_id":"","_kad_post_content_style":"","_kad_post_vertical_padding":"","_kad_post_feature":"","_kad_post_feature_position":"","_kad_post_header":false,"_kad_post_footer":false,"footnotes":""},"categories":[2],"tags":[],"class_list":["post-2543","post","type-post","status-publish","format-standard","has-post-thumbnail","hentry","category-noticias"],"_links":{"self":[{"href":"https:\/\/anmpe.cl\/index.php\/wp-json\/wp\/v2\/posts\/2543","targetHints":{"allow":["GET"]}}],"collection":[{"href":"https:\/\/anmpe.cl\/index.php\/wp-json\/wp\/v2\/posts"}],"about":[{"href":"https:\/\/anmpe.cl\/index.php\/wp-json\/wp\/v2\/types\/post"}],"author":[{"embeddable":true,"href":"https:\/\/anmpe.cl\/index.php\/wp-json\/wp\/v2\/users\/1"}],"replies":[{"embeddable":true,"href":"https:\/\/anmpe.cl\/index.php\/wp-json\/wp\/v2\/comments?post=2543"}],"version-history":[{"count":2,"href":"https:\/\/anmpe.cl\/index.php\/wp-json\/wp\/v2\/posts\/2543\/revisions"}],"predecessor-version":[{"id":2546,"href":"https:\/\/anmpe.cl\/index.php\/wp-json\/wp\/v2\/posts\/2543\/revisions\/2546"}],"wp:featuredmedia":[{"embeddable":true,"href":"https:\/\/anmpe.cl\/index.php\/wp-json\/wp\/v2\/media\/2544"}],"wp:attachment":[{"href":"https:\/\/anmpe.cl\/index.php\/wp-json\/wp\/v2\/media?parent=2543"}],"wp:term":[{"taxonomy":"category","embeddable":true,"href":"https:\/\/anmpe.cl\/index.php\/wp-json\/wp\/v2\/categories?post=2543"},{"taxonomy":"post_tag","embeddable":true,"href":"https:\/\/anmpe.cl\/index.php\/wp-json\/wp\/v2\/tags?post=2543"}],"curies":[{"name":"wp","href":"https:\/\/api.w.org\/{rel}","templated":true}]}}