{"id":2535,"date":"2023-09-12T17:23:56","date_gmt":"2023-09-12T21:23:56","guid":{"rendered":"https:\/\/anmpe.cl\/?p=2535"},"modified":"2023-09-12T17:24:48","modified_gmt":"2023-09-12T21:24:48","slug":"carta-abierta","status":"publish","type":"post","link":"https:\/\/anmpe.cl\/index.php\/2023\/09\/12\/carta-abierta\/","title":{"rendered":"CARTA ABIERTA\u00a0"},"content":{"rendered":"\n<p><strong>50 a\u00f1os del golpe de Estado<\/strong><\/p>\n\n\n\n<p><strong>ASOCIACI\u00d3N NACIONAL DE MUJERES PERIODISTAS<\/strong><\/p>\n\n\n\n<p>El s\u00e1bado 9 de septiembre se llev\u00f3 a cabo una jornada de reflexi\u00f3n por parte del Directorio de la Asociaci\u00f3n&nbsp; Nacional de Mujeres Periodistas de Chile (ANMPE), en la que no estuvo ausente la fecha en que se conmemora los cincuenta a\u00f1os del quiebre de nuestra institucionalidad democr\u00e1tica.&nbsp;<\/p>\n\n\n\n<p><strong>Como Asociaci\u00f3n reforzamos nuestra responsabilidad social fundamental de defender los valores democr\u00e1ticos, el respeto irrestricto de la dignidad humana, la rigurosidad y la b\u00fasqueda exhaustiva de la informaci\u00f3n como derecho humano para que la ciudadan\u00eda est\u00e9 debidamente informada.&nbsp;<\/strong><\/p>\n\n\n\n<p><strong>Sin libertad de prensa, no hay democracia. <\/strong><strong>Es <\/strong><strong>nuestro mandato como profesionales de las comunicaciones, defender los valores democr\u00e1ticos, en el ejercicio libre de nuestra profesi\u00f3n, con altos est\u00e1ndares profesionales y \u00e9ticos, en la b\u00fasqueda de la verdad.&nbsp;<\/strong><\/p>\n\n\n\n<p><strong>No existe pretextopara ver la libertad de prensa amenazada<\/strong>. Como tampoco existe justificaci\u00f3n alguna para la desaparici\u00f3n y ejecuci\u00f3n de 36 periodistas. <strong>Entre ellos, dos j\u00f3venes mujeres, Diana Ar\u00f3n Svigilsky, <\/strong><strong>Periodista de Canal 13 de la Universidad Cat\u00f3lica, detenida en 1974, posteriormente asesinada cuyo cuerpo no se ha encontrado \u2013 detenida desaparecida- <\/strong><strong>y Arcadia Flores P\u00e9rez, estudiante de periodismo de la Universidad de Chile, muerta en 1981, v\u00edctima de la violencia pol\u00edtica imperante en la \u00e9poca<\/strong>. Dos mujeres&nbsp;chilenas que iniciaban en 1973 sus carreras como periodistas. En recuerdo a ellas y muchas otras mujeres periodistas violentadas en el ejercicio de su profesi\u00f3n durante los 17 a\u00f1os de dictadura, varias socias de nuestra instituci\u00f3n,&nbsp; reafirmamos f\u00e9rreamente nuestro compromiso con el resguardo de los valores democr\u00e1ticos.<\/p>\n\n\n\n<p>El ejercicio del periodismo en una sociedad democr\u00e1tica est\u00e1 protegido por el derecho a la libertad de expresi\u00f3n, consagrado en el art\u00edculo 19 de la Declaraci\u00f3n Universal de Derechos Humanos. El Estado est\u00e1 obligado a garantizar este como el derecho a la igualdad.&nbsp;<\/p>\n\n\n\n<p><strong>En el contexto de las mujeres periodistas, el Estado tiene la obligaci\u00f3n de prevenir, proteger y respetar su derecho a la libertad de expresi\u00f3n, incluso cuando son atacadas en relaci\u00f3n con sus actividades period\u00edsticas, y con especial atenci\u00f3n a aquellos casos en que esas represalias est\u00e9n determinadas por el g\u00e9nero.<\/strong><\/p>\n\n\n\n<p><strong>A 50 a\u00f1os del golpe de Estado en Chile, nuestros sinceros respetos a las mujeres periodistas que sobrevivieron y a las que quedaron en nuestra memoria.&nbsp;<\/strong><\/p>\n\n\n\n<p class=\"has-text-align-center\"><strong>DIRECTORIO ASOCIACI\u00d3N NACIONAL DE MUJERES PERIODISTAS<\/strong><\/p>\n\n\n\n<p class=\"has-text-align-center\"><strong>Septiembre 2023<\/strong><\/p>\n\n\n\n<figure class=\"wp-block-image size-large\"><img loading=\"lazy\" decoding=\"async\" width=\"1024\" height=\"1024\" src=\"https:\/\/anmpe.cl\/wp-content\/uploads\/2023\/09\/1-1024x1024.png\" alt=\"\" class=\"wp-image-2536\" srcset=\"https:\/\/anmpe.cl\/wp-content\/uploads\/2023\/09\/1-1024x1024.png 1024w, https:\/\/anmpe.cl\/wp-content\/uploads\/2023\/09\/1-300x300.png 300w, https:\/\/anmpe.cl\/wp-content\/uploads\/2023\/09\/1-150x150.png 150w, https:\/\/anmpe.cl\/wp-content\/uploads\/2023\/09\/1-768x768.png 768w, https:\/\/anmpe.cl\/wp-content\/uploads\/2023\/09\/1-160x160.png 160w, https:\/\/anmpe.cl\/wp-content\/uploads\/2023\/09\/1-320x320.png 320w, https:\/\/anmpe.cl\/wp-content\/uploads\/2023\/09\/1.png 1080w\" sizes=\"auto, (max-width: 1024px) 100vw, 1024px\" \/><\/figure>\n\n\n\n<figure class=\"wp-block-image size-large\"><img loading=\"lazy\" decoding=\"async\" width=\"1024\" height=\"1024\" src=\"https:\/\/anmpe.cl\/wp-content\/uploads\/2023\/09\/2-1024x1024.png\" alt=\"\" class=\"wp-image-2537\" srcset=\"https:\/\/anmpe.cl\/wp-content\/uploads\/2023\/09\/2-1024x1024.png 1024w, https:\/\/anmpe.cl\/wp-content\/uploads\/2023\/09\/2-300x300.png 300w, https:\/\/anmpe.cl\/wp-content\/uploads\/2023\/09\/2-150x150.png 150w, https:\/\/anmpe.cl\/wp-content\/uploads\/2023\/09\/2-768x768.png 768w, https:\/\/anmpe.cl\/wp-content\/uploads\/2023\/09\/2-160x160.png 160w, https:\/\/anmpe.cl\/wp-content\/uploads\/2023\/09\/2-320x320.png 320w, https:\/\/anmpe.cl\/wp-content\/uploads\/2023\/09\/2.png 1080w\" sizes=\"auto, (max-width: 1024px) 100vw, 1024px\" \/><\/figure>\n","protected":false},"excerpt":{"rendered":"<p>50 a\u00f1os del golpe de Estado ASOCIACI\u00d3N NACIONAL DE MUJERES PERIODISTAS El s\u00e1bado 9 de septiembre se llev\u00f3 a cabo una jornada de reflexi\u00f3n por parte del Directorio de la Asociaci\u00f3n&nbsp; Nacional de Mujeres Periodistas de Chile (ANMPE), en la que no estuvo ausente la fecha en que se conmemora los cincuenta a\u00f1os del quiebre&#8230;<\/p>\n","protected":false},"author":1,"featured_media":2537,"comment_status":"closed","ping_status":"closed","sticky":false,"template":"","format":"standard","meta":{"_kadence_starter_templates_imported_post":false,"_kad_post_transparent":"","_kad_post_title":"","_kad_post_layout":"","_kad_post_sidebar_id":"","_kad_post_content_style":"","_kad_post_vertical_padding":"","_kad_post_feature":"","_kad_post_feature_position":"","_kad_post_header":false,"_kad_post_footer":false,"footnotes":""},"categories":[2],"tags":[],"class_list":["post-2535","post","type-post","status-publish","format-standard","has-post-thumbnail","hentry","category-noticias"],"_links":{"self":[{"href":"https:\/\/anmpe.cl\/index.php\/wp-json\/wp\/v2\/posts\/2535","targetHints":{"allow":["GET"]}}],"collection":[{"href":"https:\/\/anmpe.cl\/index.php\/wp-json\/wp\/v2\/posts"}],"about":[{"href":"https:\/\/anmpe.cl\/index.php\/wp-json\/wp\/v2\/types\/post"}],"author":[{"embeddable":true,"href":"https:\/\/anmpe.cl\/index.php\/wp-json\/wp\/v2\/users\/1"}],"replies":[{"embeddable":true,"href":"https:\/\/anmpe.cl\/index.php\/wp-json\/wp\/v2\/comments?post=2535"}],"version-history":[{"count":3,"href":"https:\/\/anmpe.cl\/index.php\/wp-json\/wp\/v2\/posts\/2535\/revisions"}],"predecessor-version":[{"id":2541,"href":"https:\/\/anmpe.cl\/index.php\/wp-json\/wp\/v2\/posts\/2535\/revisions\/2541"}],"wp:featuredmedia":[{"embeddable":true,"href":"https:\/\/anmpe.cl\/index.php\/wp-json\/wp\/v2\/media\/2537"}],"wp:attachment":[{"href":"https:\/\/anmpe.cl\/index.php\/wp-json\/wp\/v2\/media?parent=2535"}],"wp:term":[{"taxonomy":"category","embeddable":true,"href":"https:\/\/anmpe.cl\/index.php\/wp-json\/wp\/v2\/categories?post=2535"},{"taxonomy":"post_tag","embeddable":true,"href":"https:\/\/anmpe.cl\/index.php\/wp-json\/wp\/v2\/tags?post=2535"}],"curies":[{"name":"wp","href":"https:\/\/api.w.org\/{rel}","templated":true}]}}