{"id":2489,"date":"2023-07-28T10:02:09","date_gmt":"2023-07-28T14:02:09","guid":{"rendered":"https:\/\/anmpe.cl\/?p=2489"},"modified":"2023-07-28T10:16:05","modified_gmt":"2023-07-28T14:16:05","slug":"candidatas-elecciones-directorio-asociacion-nacional-de-mujeres-periodistas-anmpe-2023-2025","status":"publish","type":"post","link":"https:\/\/anmpe.cl\/index.php\/2023\/07\/28\/candidatas-elecciones-directorio-asociacion-nacional-de-mujeres-periodistas-anmpe-2023-2025\/","title":{"rendered":"Candidatas elecciones Directorio Asociaci\u00f3n Nacional de Mujeres Periodistas &#8211; Anmpe 2023 \u2013 2025.\u00a0"},"content":{"rendered":"\n<p>Presidenta:&nbsp;<\/p>\n\n\n<div class=\"wp-block-image\">\n<figure class=\"aligncenter size-full is-resized\"><img loading=\"lazy\" decoding=\"async\" src=\"https:\/\/anmpe.cl\/wp-content\/uploads\/2023\/07\/Captura-de-pantalla-2023-07-28-a-las-10.04.02.png\" alt=\"\" class=\"wp-image-2493\" width=\"236\" height=\"212\" srcset=\"https:\/\/anmpe.cl\/wp-content\/uploads\/2023\/07\/Captura-de-pantalla-2023-07-28-a-las-10.04.02.png 942w, https:\/\/anmpe.cl\/wp-content\/uploads\/2023\/07\/Captura-de-pantalla-2023-07-28-a-las-10.04.02-300x270.png 300w, https:\/\/anmpe.cl\/wp-content\/uploads\/2023\/07\/Captura-de-pantalla-2023-07-28-a-las-10.04.02-768x691.png 768w\" sizes=\"auto, (max-width: 236px) 100vw, 236px\" \/><\/figure><\/div>\n\n\n<p><strong>Patricia Alrringo<\/strong>, periodista, Universidad de Santiago de Chile. Productora y Directora de TV. Master in Business Administration (MBA) y Magister en Direcci\u00f3n de Comunicaci\u00f3n y Marketing Estrat\u00e9gico. Diplomados en Gesti\u00f3n y Direcci\u00f3n Estrat\u00e9gica.&nbsp;Directora de comunicaciones y marketing en I Global Media Comunicaciones y Gestora Cultural de Industrias Creativas.&nbsp;Secretaria general de Anmpe 2021-2023.&nbsp;<\/p>\n\n\n\n<p>Directoras:&nbsp;<\/p>\n\n\n<div class=\"wp-block-image\">\n<figure class=\"aligncenter size-full is-resized\"><img loading=\"lazy\" decoding=\"async\" src=\"https:\/\/anmpe.cl\/wp-content\/uploads\/2023\/07\/Karen-Alfaro.jpeg\" alt=\"\" class=\"wp-image-2494\" width=\"236\" height=\"212\"\/><\/figure><\/div>\n\n\n<p><strong>Karen Alfaro<\/strong>, periodista. Ingeniero Comercial. Diplomado en Comunicaci\u00f3n Estrat\u00e9gica.&nbsp;&nbsp;Directora, due\u00f1a y conductora de radio Congreso en la Regi\u00f3n de Valpara\u00edso. Miembro de ARCHI.&nbsp;<\/p>\n\n\n<div class=\"wp-block-image\">\n<figure class=\"aligncenter size-full is-resized\"><img loading=\"lazy\" decoding=\"async\" src=\"https:\/\/anmpe.cl\/wp-content\/uploads\/2023\/07\/Ale-Bonati.jpeg\" alt=\"\" class=\"wp-image-2495\" width=\"236\" height=\"212\"\/><\/figure><\/div>\n\n\n<p><strong>Alejandra Bonati<\/strong>, periodista. Gerente de Comunicaciones y Asuntos P\u00fablicos Google Chile. Directora de Anmpe 2021-2023.<\/p>\n\n\n<div class=\"wp-block-image\">\n<figure class=\"aligncenter size-large is-resized\"><img loading=\"lazy\" decoding=\"async\" src=\"https:\/\/anmpe.cl\/wp-content\/uploads\/2023\/07\/Marisol-Camiroaga-1024x941.jpeg\" alt=\"\" class=\"wp-image-2496\" width=\"236\" height=\"212\"\/><\/figure><\/div>\n\n\n<p><strong>Marisol Camiroaga,&nbsp;<\/strong>periodista, Universidad Nacional Andr\u00e9s Bello.&nbsp;&nbsp;Acad\u00e9mica UNAB, Directora y editora general revista Caras Chile y Per\u00fa 2003 \u2013 2019. Directora General Revistas y Plataformas Digitales Televisa.&nbsp;Co-Fundadora y Socia de Camiroaga &amp; Partners.<strong>&nbsp;<\/strong>Fundadora DAMA Circular.&nbsp;&nbsp;<\/p>\n\n\n<div class=\"wp-block-image\">\n<figure class=\"aligncenter size-large is-resized\"><img loading=\"lazy\" decoding=\"async\" src=\"https:\/\/anmpe.cl\/wp-content\/uploads\/2023\/07\/Elena-Dressel-1024x887.jpeg\" alt=\"\" class=\"wp-image-2497\" width=\"236\" height=\"212\"\/><\/figure><\/div>\n\n\n<p><strong>Elena Dressel<\/strong>, periodista. Fundadora iicon Partners. Editora y conductora Clave Morse de radio La Clave. Conductora&nbsp;programa Hoy se Habla, TVN.&nbsp;Conductora y editora de Valor Pyme de Banco BCI en plataformas digitales y TVN.&nbsp;<\/p>\n\n\n<div class=\"wp-block-image\">\n<figure class=\"aligncenter size-full is-resized\"><img loading=\"lazy\" decoding=\"async\" src=\"https:\/\/anmpe.cl\/wp-content\/uploads\/2023\/07\/Maria-Jesus-.jpeg\" alt=\"\" class=\"wp-image-2498\" width=\"236\" height=\"212\"\/><\/figure><\/div>\n\n\n<p><strong>Mar\u00eda Jes\u00fas L\u00f3pez<\/strong>, periodista.&nbsp;Mag\u00edster en Comunicaci\u00f3n Estrat\u00e9gica.&nbsp;Gerente de Asuntos Corporativos y Sostenibilidad para Chile y Per\u00fa, Basf Chile.<\/p>\n\n\n<div class=\"wp-block-image\">\n<figure class=\"aligncenter size-full is-resized\"><img loading=\"lazy\" decoding=\"async\" src=\"https:\/\/anmpe.cl\/wp-content\/uploads\/2023\/07\/karin-Messenger.jpeg\" alt=\"\" class=\"wp-image-2499\" width=\"236\" height=\"212\"\/><\/figure><\/div>\n\n\n<p><strong>Karin Messenger<\/strong>, periodista.&nbsp;Diplomado de Producci\u00f3n Ejecutiva Audiovisual, Pontificia Universidad Cat\u00f3lica de Chile.&nbsp;Realizadora de Influyentes y periodista de programas del \u00e1rea pol\u00edtica de CNN Chile.<\/p>\n\n\n<div class=\"wp-block-image\">\n<figure class=\"aligncenter size-full is-resized\"><img decoding=\"async\" src=\"https:\/\/anmpe.cl\/wp-content\/uploads\/2023\/07\/Veronica-Neumann.jpeg\" alt=\"\" class=\"wp-image-2500\" width=\"236\" srcset=\"https:\/\/anmpe.cl\/wp-content\/uploads\/2023\/07\/Veronica-Neumann.jpeg 616w, https:\/\/anmpe.cl\/wp-content\/uploads\/2023\/07\/Veronica-Neumann-180x300.jpeg 180w\" sizes=\"(max-width: 616px) 100vw, 616px\" \/><\/figure><\/div>\n\n\n<p><strong>Ver\u00f3nica Neumann<\/strong>, periodista, Pontificia Universidad Cat\u00f3lica de Chile. Acad\u00e9mica y asesora de comunicaciones y legislativa para Consejo Convenci\u00f3n Constitucional. Conductora de TV y fundadora de 24 horas de TVN.&nbsp;<\/p>\n\n\n<div class=\"wp-block-image\">\n<figure class=\"aligncenter size-full is-resized\"><img decoding=\"async\" src=\"https:\/\/anmpe.cl\/wp-content\/uploads\/2023\/07\/Myriam-Ruiz.jpeg\" alt=\"\" class=\"wp-image-2501\" width=\"236\" srcset=\"https:\/\/anmpe.cl\/wp-content\/uploads\/2023\/07\/Myriam-Ruiz.jpeg 1012w, https:\/\/anmpe.cl\/wp-content\/uploads\/2023\/07\/Myriam-Ruiz-300x262.jpeg 300w, https:\/\/anmpe.cl\/wp-content\/uploads\/2023\/07\/Myriam-Ruiz-768x672.jpeg 768w\" sizes=\"(max-width: 1012px) 100vw, 1012px\" \/><\/figure><\/div>\n\n\n<p><strong>Myriam Ruiz<\/strong>, periodista, Universidad Austral de Valdivia.&nbsp;Magister en Comunicaci\u00f3n Integrada.&nbsp;Coordinadora Docente y Estudiantil carrera de Periodismo Universidad del Desarrollo. Acad\u00e9mica, Universidad del Desarrollo especialista en an\u00e1lisis cr\u00edtico de medios, desinformaci\u00f3n, alfabetizaci\u00f3n medi\u00e1tica y fact checking.&nbsp;<\/p>\n\n\n<div class=\"wp-block-image\">\n<figure class=\"aligncenter size-full is-resized\"><img decoding=\"async\" src=\"https:\/\/anmpe.cl\/wp-content\/uploads\/2023\/07\/Nicole-sternsdorff.jpeg\" alt=\"\" class=\"wp-image-2502\" width=\"236\" srcset=\"https:\/\/anmpe.cl\/wp-content\/uploads\/2023\/07\/Nicole-sternsdorff.jpeg 764w, https:\/\/anmpe.cl\/wp-content\/uploads\/2023\/07\/Nicole-sternsdorff-300x260.jpeg 300w\" sizes=\"(max-width: 764px) 100vw, 764px\" \/><\/figure><\/div>\n\n\n<p><strong>Nicole Sternsdorff,<\/strong>&nbsp;periodista. Programa superior de Gesti\u00f3n de Empresas Business &amp; Marketing School ESIC Espa\u00f1a. Subgerente de comunicaciones y Asuntos P\u00fablicos de TVN. Acad\u00e9mica Universidad de las Am\u00e9ricas.<\/p>\n\n\n\n<p><\/p>\n\n\n\n<p><\/p>\n\n\n\n<p><strong>RECUERDA LA VOTACI\u00d3N ES ONLINE Y SECRETA, ESTE 03 Y 04 DE AGOSTO.\u00a0\u00a0<\/strong><\/p>\n\n\n\n<p><strong>PODR\u00c1S VOTAR CON TU CUOTA AL D\u00cdA, EL PLAZO DE PAGO ESTA HASTA EL 29 DE JULIO.&nbsp;<\/strong><\/p>\n\n\n\n<p><strong>PARA VOTAR DEBES SER PERIODISTA Y REGISTRARTE&nbsp;&nbsp;AQU\u00cd PARA VOTAR&nbsp;<\/strong><a href=\"https:\/\/anmpe.cl\/index.php\/beneficios\/\"><strong>AQU\u00cd<\/strong><\/a><strong>&nbsp;&nbsp;O ESCRIBE A&nbsp;<\/strong><a href=\"mailto:CONTACTO@ANMPE.CL\"><strong>CONTACTO@ANMPE.CL<\/strong><\/a><strong>.&nbsp;<\/strong><\/p>\n\n\n\n<p><strong>IGUALMENTE SI ESTAS AL DIA, TE DEJAMOS INVITADA A LA<\/strong><strong>&nbsp;ASAMBLEA EXTRAORDINARIA DE SOCIAS PARA EL 04 DE AGOSTO A LAS 16.00 HRS.&nbsp;<\/strong><strong>REVISA EL ARCHIVO ADJUNTO.<\/strong><strong><\/strong><\/p>\n","protected":false},"excerpt":{"rendered":"<p>Presidenta:&nbsp; Patricia Alrringo, periodista, Universidad de Santiago de Chile. Productora y Directora de TV. Master in Business Administration (MBA) y Magister en Direcci\u00f3n de Comunicaci\u00f3n y Marketing Estrat\u00e9gico. Diplomados en Gesti\u00f3n y Direcci\u00f3n Estrat\u00e9gica.&nbsp;Directora de comunicaciones y marketing en I Global Media Comunicaciones y Gestora Cultural de Industrias Creativas.&nbsp;Secretaria general de Anmpe 2021-2023.&nbsp; Directoras:&nbsp; Karen&#8230;<\/p>\n","protected":false},"author":1,"featured_media":2459,"comment_status":"closed","ping_status":"closed","sticky":false,"template":"","format":"standard","meta":{"_kadence_starter_templates_imported_post":false,"_kad_post_transparent":"","_kad_post_title":"","_kad_post_layout":"","_kad_post_sidebar_id":"","_kad_post_content_style":"","_kad_post_vertical_padding":"","_kad_post_feature":"","_kad_post_feature_position":"","_kad_post_header":false,"_kad_post_footer":false,"footnotes":""},"categories":[2],"tags":[],"class_list":["post-2489","post","type-post","status-publish","format-standard","has-post-thumbnail","hentry","category-noticias"],"_links":{"self":[{"href":"https:\/\/anmpe.cl\/index.php\/wp-json\/wp\/v2\/posts\/2489","targetHints":{"allow":["GET"]}}],"collection":[{"href":"https:\/\/anmpe.cl\/index.php\/wp-json\/wp\/v2\/posts"}],"about":[{"href":"https:\/\/anmpe.cl\/index.php\/wp-json\/wp\/v2\/types\/post"}],"author":[{"embeddable":true,"href":"https:\/\/anmpe.cl\/index.php\/wp-json\/wp\/v2\/users\/1"}],"replies":[{"embeddable":true,"href":"https:\/\/anmpe.cl\/index.php\/wp-json\/wp\/v2\/comments?post=2489"}],"version-history":[{"count":4,"href":"https:\/\/anmpe.cl\/index.php\/wp-json\/wp\/v2\/posts\/2489\/revisions"}],"predecessor-version":[{"id":2506,"href":"https:\/\/anmpe.cl\/index.php\/wp-json\/wp\/v2\/posts\/2489\/revisions\/2506"}],"wp:featuredmedia":[{"embeddable":true,"href":"https:\/\/anmpe.cl\/index.php\/wp-json\/wp\/v2\/media\/2459"}],"wp:attachment":[{"href":"https:\/\/anmpe.cl\/index.php\/wp-json\/wp\/v2\/media?parent=2489"}],"wp:term":[{"taxonomy":"category","embeddable":true,"href":"https:\/\/anmpe.cl\/index.php\/wp-json\/wp\/v2\/categories?post=2489"},{"taxonomy":"post_tag","embeddable":true,"href":"https:\/\/anmpe.cl\/index.php\/wp-json\/wp\/v2\/tags?post=2489"}],"curies":[{"name":"wp","href":"https:\/\/api.w.org\/{rel}","templated":true}]}}