{"id":2458,"date":"2023-07-10T18:47:00","date_gmt":"2023-07-10T22:47:00","guid":{"rendered":"https:\/\/anmpe.cl\/?p=2458"},"modified":"2023-07-28T09:57:44","modified_gmt":"2023-07-28T13:57:44","slug":"elecciones-nueva-directiva-anmpe-2023-2025","status":"publish","type":"post","link":"https:\/\/anmpe.cl\/index.php\/2023\/07\/10\/elecciones-nueva-directiva-anmpe-2023-2025\/","title":{"rendered":"Elecciones Nueva Directiva Anmpe 2023 &#8211; 2025"},"content":{"rendered":"<figure class=\"wp-block-post-featured-image\"><img loading=\"lazy\" decoding=\"async\" width=\"897\" height=\"604\" src=\"https:\/\/anmpe.cl\/wp-content\/uploads\/2023\/07\/2.jpeg\" class=\"attachment-post-thumbnail size-post-thumbnail wp-post-image\" alt=\"\" style=\"object-fit:cover;\" srcset=\"https:\/\/anmpe.cl\/wp-content\/uploads\/2023\/07\/2.jpeg 897w, https:\/\/anmpe.cl\/wp-content\/uploads\/2023\/07\/2-300x202.jpeg 300w, https:\/\/anmpe.cl\/wp-content\/uploads\/2023\/07\/2-768x517.jpeg 768w\" sizes=\"auto, (max-width: 897px) 100vw, 897px\" \/><\/figure>\n\n\n<p><\/p>\n\n\n\n<p class=\"has-text-align-center has-medium-font-size\"><strong>Te informamos la nueva fecha de elecciones:<\/strong><\/p>\n\n\n\n<p>Te informamos la nueva fecha de elecciones:<\/p>\n\n\n\n<p class=\"has-text-align-center\"><strong>Inicio de campa\u00f1a candidatas 07 de julio<br>Plazo pago de cuotas hasta y poder votar: 29 de julio<br>Votaciones: jueves 03 de agosto y<br>Viernes 04 de agosto hasta las 16 horas<br>Votaci\u00f3n Online a trav\u00e9s de la empresa EVoting<\/strong><\/p>\n\n\n\n<hr class=\"wp-block-separator has-alpha-channel-opacity\"\/>\n\n\n\n<p class=\"has-text-align-center has-medium-font-size\"><strong>La n\u00f3mina de candidatas es:<\/strong><\/p>\n\n\n\n<p class=\"has-medium-font-size\">Candidata a presidenta:<\/p>\n\n\n\n<p><strong>Patricia Alrringo G.<\/strong><\/p>\n\n\n\n<hr class=\"wp-block-separator has-alpha-channel-opacity\"\/>\n\n\n\n<p class=\"has-medium-font-size\"><strong>Candidata a directoras:<\/strong><\/p>\n\n\n\n<ul class=\"wp-block-list\">\n<li><strong>Karen Alfaro<\/strong><\/li>\n\n\n\n<li><strong>Alejandra Bonati<\/strong><\/li>\n\n\n\n<li><strong>Marisol Camiroaga<\/strong><\/li>\n\n\n\n<li><strong>Elena Dressel<\/strong><\/li>\n\n\n\n<li><strong>Mar\u00eda Jes\u00fas L\u00f3pez<\/strong><\/li>\n\n\n\n<li><strong>Karin Messenger<\/strong><\/li>\n\n\n\n<li><strong>Ver\u00f3nica Neumann<\/strong><\/li>\n\n\n\n<li><strong>Myriam Ruiz<\/strong><\/li>\n\n\n\n<li><strong>Nicole Sternsdorff<\/strong><\/li>\n<\/ul>\n\n\n\n<p>En los pr\u00f3ximos d\u00edas enviaremos la informaci\u00f3n para que conozcan a nuestras candidatas.<\/p>\n\n\n\n<p class=\"has-text-align-center\">Ver\u00f3nica L\u00f3pez H.<br>Presidenta<br>Anmpe<br>Santiago, 06 de julio 2023<\/p>\n\n\n\n<hr class=\"wp-block-separator has-alpha-channel-opacity\"\/>\n\n\n\n<p class=\"has-text-align-center has-medium-font-size\"><strong>Elecciones Nueva Directiva 2023-2025<\/strong><\/p>\n\n\n\n<p>Estimadas socias:<br><\/p>\n\n\n\n<p>Junto con saludarlas queremos invitarlas a participar en las elecciones de la nueva directiva de la Asociaci\u00f3n Nacional de Mujeres Periodistas, que se realizar\u00e1 el jueves 03 y viernes 04 de agosto hasta las 16 horas .<br>La votaci\u00f3n estar\u00e1 a cargo de la empresa EVoting asegurando la transparencia de la votaci\u00f3n.<\/p>\n\n\n\n<p>Cumpliendo con disposiciones del Ministerio de Econom\u00eda para elecciones en Asociaciones Gremiales, realizaremos una asamblea extraordinaria el viernes 4 de agosto a las 16.00 horas, convocatoria adjunta.<br><\/p>\n\n\n\n<p>De acuerdo a nuestros estatutos pueden votar todas aquellas socias inscritas en la Asociaci\u00f3n, que tengan su cuota anual al d\u00eda. En caso de no estar al d\u00eda, les solicitamos depositar su cuota de <strong>1UF<\/strong> anual en la cuenta vista, enviando el registro de su comprobante al mail de tesorera@anmpe.cl.<br><\/p>\n\n\n\n<p><strong>Asociacion Nacional de Mujeres periodistas (sin acento)<\/strong><br><strong>RUT Anmpe: 65.164.308-2<br>Cuenta Vista 02-897-00778-73<br>Banco Del Estado De Chile<br>mail: tesorera@anmpe.cl<\/strong><br><\/p>\n\n\n\n<p>Para efectos de elaborar el padr\u00f3n de la elecci\u00f3n, tienen fecha para inscribirse hasta el <strong><em>viernes 28 de julio<\/em><\/strong>, acompa\u00f1ando un mail con los siguientes datos, adem\u00e1s del comprobante de transferencia.<br>Nombre completo, RUT, tel\u00e9fono de contacto, registro <a href=\"https:\/\/anmpe.cl\/index.php\/beneficios\/\">https:\/\/anmpe.cl\/index.php\/beneficios\/<\/a><\/p>\n\n\n\n<p>Cualquier consulta pueden enviarla al mail patricia.alrringo@gmail.com secretaria general con copia a <strong><em>vlopezhelfman@gmail.com<\/em><\/strong> presidenta.<br>Puedes encontrar los Estatutos de nuestra Asociaci\u00f3n que pueden revisar en nuestra p\u00e1gina web: <a rel=\"noreferrer noopener\" href=\"https:\/\/anmpe.cl\/\" target=\"_blank\">https:\/\/anmpe.cl\/<\/a><br><\/p>\n\n\n\n<p><\/p>\n\n\n\n<figure class=\"wp-block-image size-large\"><img loading=\"lazy\" decoding=\"async\" width=\"1024\" height=\"183\" src=\"https:\/\/anmpe.cl\/wp-content\/uploads\/2023\/07\/54a7ade9-d257-2bf7-53b3-ef80dad81e55-1-1024x183.png\" alt=\"\" class=\"wp-image-2466\" srcset=\"https:\/\/anmpe.cl\/wp-content\/uploads\/2023\/07\/54a7ade9-d257-2bf7-53b3-ef80dad81e55-1-1024x183.png 1024w, https:\/\/anmpe.cl\/wp-content\/uploads\/2023\/07\/54a7ade9-d257-2bf7-53b3-ef80dad81e55-1-300x53.png 300w, https:\/\/anmpe.cl\/wp-content\/uploads\/2023\/07\/54a7ade9-d257-2bf7-53b3-ef80dad81e55-1-768x137.png 768w, https:\/\/anmpe.cl\/wp-content\/uploads\/2023\/07\/54a7ade9-d257-2bf7-53b3-ef80dad81e55-1-1536x274.png 1536w, https:\/\/anmpe.cl\/wp-content\/uploads\/2023\/07\/54a7ade9-d257-2bf7-53b3-ef80dad81e55-1-2048x365.png 2048w\" sizes=\"auto, (max-width: 1024px) 100vw, 1024px\" \/><\/figure>\n\n\n\n<p><\/p>\n","protected":false},"excerpt":{"rendered":"<p>Te informamos la nueva fecha de elecciones: Te informamos la nueva fecha de elecciones: Inicio de campa\u00f1a candidatas 07 de julioPlazo pago de cuotas hasta y poder votar: 29 de julioVotaciones: jueves 03 de agosto yViernes 04 de agosto hasta las 16 horasVotaci\u00f3n Online a trav\u00e9s de la empresa EVoting La n\u00f3mina de candidatas es:&#8230;<\/p>\n","protected":false},"author":1,"featured_media":2459,"comment_status":"closed","ping_status":"closed","sticky":false,"template":"","format":"standard","meta":{"_kadence_starter_templates_imported_post":false,"_kad_post_transparent":"","_kad_post_title":"","_kad_post_layout":"","_kad_post_sidebar_id":"","_kad_post_content_style":"","_kad_post_vertical_padding":"","_kad_post_feature":"","_kad_post_feature_position":"","_kad_post_header":false,"_kad_post_footer":false,"footnotes":""},"categories":[2],"tags":[],"class_list":["post-2458","post","type-post","status-publish","format-standard","has-post-thumbnail","hentry","category-noticias"],"_links":{"self":[{"href":"https:\/\/anmpe.cl\/index.php\/wp-json\/wp\/v2\/posts\/2458","targetHints":{"allow":["GET"]}}],"collection":[{"href":"https:\/\/anmpe.cl\/index.php\/wp-json\/wp\/v2\/posts"}],"about":[{"href":"https:\/\/anmpe.cl\/index.php\/wp-json\/wp\/v2\/types\/post"}],"author":[{"embeddable":true,"href":"https:\/\/anmpe.cl\/index.php\/wp-json\/wp\/v2\/users\/1"}],"replies":[{"embeddable":true,"href":"https:\/\/anmpe.cl\/index.php\/wp-json\/wp\/v2\/comments?post=2458"}],"version-history":[{"count":14,"href":"https:\/\/anmpe.cl\/index.php\/wp-json\/wp\/v2\/posts\/2458\/revisions"}],"predecessor-version":[{"id":2488,"href":"https:\/\/anmpe.cl\/index.php\/wp-json\/wp\/v2\/posts\/2458\/revisions\/2488"}],"wp:featuredmedia":[{"embeddable":true,"href":"https:\/\/anmpe.cl\/index.php\/wp-json\/wp\/v2\/media\/2459"}],"wp:attachment":[{"href":"https:\/\/anmpe.cl\/index.php\/wp-json\/wp\/v2\/media?parent=2458"}],"wp:term":[{"taxonomy":"category","embeddable":true,"href":"https:\/\/anmpe.cl\/index.php\/wp-json\/wp\/v2\/categories?post=2458"},{"taxonomy":"post_tag","embeddable":true,"href":"https:\/\/anmpe.cl\/index.php\/wp-json\/wp\/v2\/tags?post=2458"}],"curies":[{"name":"wp","href":"https:\/\/api.w.org\/{rel}","templated":true}]}}