{"id":2373,"date":"2023-02-13T10:05:40","date_gmt":"2023-02-13T14:05:40","guid":{"rendered":"https:\/\/anmpe.cl\/?p=2373"},"modified":"2023-02-13T11:12:28","modified_gmt":"2023-02-13T15:12:28","slug":"comunicaciones-con-perspectiva-de-genero","status":"publish","type":"post","link":"https:\/\/anmpe.cl\/index.php\/2023\/02\/13\/comunicaciones-con-perspectiva-de-genero\/","title":{"rendered":"<strong>Comunicaciones con perspectiva de g\u00e9nero<\/strong>"},"content":{"rendered":"<div class=\"wp-block-image\">\n<figure class=\"alignright size-large is-resized\"><img loading=\"lazy\" decoding=\"async\" src=\"https:\/\/anmpe.cl\/wp-content\/uploads\/2023\/02\/Gabriela-Rosero-Patricia-Alrringo--768x1024.jpeg\" alt=\"\" class=\"wp-image-2374\" width=\"281\" height=\"374\" srcset=\"https:\/\/anmpe.cl\/wp-content\/uploads\/2023\/02\/Gabriela-Rosero-Patricia-Alrringo--768x1024.jpeg 768w, https:\/\/anmpe.cl\/wp-content\/uploads\/2023\/02\/Gabriela-Rosero-Patricia-Alrringo--225x300.jpeg 225w, https:\/\/anmpe.cl\/wp-content\/uploads\/2023\/02\/Gabriela-Rosero-Patricia-Alrringo--1152x1536.jpeg 1152w, https:\/\/anmpe.cl\/wp-content\/uploads\/2023\/02\/Gabriela-Rosero-Patricia-Alrringo--1536x2048.jpeg 1536w, https:\/\/anmpe.cl\/wp-content\/uploads\/2023\/02\/Gabriela-Rosero-Patricia-Alrringo--scaled.jpeg 1920w\" sizes=\"auto, (max-width: 281px) 100vw, 281px\" \/><figcaption class=\"wp-element-caption\"><sub>Gabriela Rosero de ONU Mujeres y Patricia Alrringo<\/sub><\/figcaption><\/figure><\/div>\n\n\n<p>El Memorando de Entendimiento busca reducir las brechas de g\u00e9nero en los espacios de liderazgo, en las comunicaciones gubernamentales y medios de comunicaci\u00f3n.<br><br>Con la participaci\u00f3n de la ministra Camila Vallejos y la Directora de ONU Mujeres, Gabriela Rosero, se llev\u00f3 a cabo la firma de un convenio para avanzar de manera activa en la incorporaci\u00f3n de perspectivas de g\u00e9nero y el dise\u00f1o de pol\u00edticas p\u00fablicas a nivel estatal y de medios de comunicaci\u00f3n.<br>\u201cCon la firma de este memorando podremos capacitar m\u00e1s y mejor a nuestras funcionarias y funcionarios; impulsar iniciativas junto a comunicadores y comunicadoras para prevenir y erradicar la violencia de g\u00e9nero y el lenguaje sexista; potenciar liderazgos femeninos a nivel local y dirigencial; entre tantas otras aristas\u201d, explic\u00f3 la ministra vocera de Gobierno, Camila Vallejo.<br>A la ceremonia a la que fuimos invitada como Asociaci\u00f3n Nacional de Mujeres Periodistas, asisti\u00f3 nuestra secretaria general Patricia Alrringo quien ha liderado las tem\u00e1ticas de g\u00e9nero y seguridad de periodistas en los medios de comunicaci\u00f3n desde nuestra asociaci\u00f3n, destacando la importancia de que se incluyan estas, en una l\u00ednea de trabajo de manera transversal.<br>Diferentes medios de comunicaci\u00f3n fueron invitados a ser parte de un \u201cpacto de medios\u201d voluntario que pretende potenciar a trav\u00e9s de asesor\u00edas materias como la inclusi\u00f3n de g\u00e9nero, de la comunidad LGBTIQ+ y la reducci\u00f3n de brechas. \u201cHoy es un d\u00eda importante para las mujeres. Estamos muy alegres de poder firmar este acuerdo que permitir\u00e1 brindar la asistencia t\u00e9cnica y acompa\u00f1amiento para trabajar en enfoques de g\u00e9nero en medios de comunicaci\u00f3n\u201d, se\u00f1al\u00f3 la jefa de ONU Mujeres en Chile, Gabriela Rosero.<br>Entre los invitados a La Moneda estuvieron las representantes de ONU mujeres, autoridades, jefes de divisi\u00f3n y coordinadores de Segegob, as\u00ed como tambi\u00e9n directores de medios, representantes del CNTV, del directorio de TVN, la red de periodistas feministas, integrantes del Colegio de Periodistas, entre otros.<\/p>\n","protected":false},"excerpt":{"rendered":"<p>El Memorando de Entendimiento busca reducir las brechas de g\u00e9nero en los espacios de liderazgo, en las comunicaciones gubernamentales y medios de comunicaci\u00f3n. Con la participaci\u00f3n de la ministra Camila Vallejos y la Directora de ONU Mujeres, Gabriela Rosero, se llev\u00f3 a cabo la firma de un convenio para avanzar de manera activa en la&#8230;<\/p>\n","protected":false},"author":1,"featured_media":2374,"comment_status":"closed","ping_status":"closed","sticky":false,"template":"","format":"standard","meta":{"_kadence_starter_templates_imported_post":false,"_kad_post_transparent":"","_kad_post_title":"","_kad_post_layout":"","_kad_post_sidebar_id":"","_kad_post_content_style":"","_kad_post_vertical_padding":"","_kad_post_feature":"","_kad_post_feature_position":"","_kad_post_header":false,"_kad_post_footer":false,"footnotes":""},"categories":[2],"tags":[],"class_list":["post-2373","post","type-post","status-publish","format-standard","has-post-thumbnail","hentry","category-noticias"],"_links":{"self":[{"href":"https:\/\/anmpe.cl\/index.php\/wp-json\/wp\/v2\/posts\/2373","targetHints":{"allow":["GET"]}}],"collection":[{"href":"https:\/\/anmpe.cl\/index.php\/wp-json\/wp\/v2\/posts"}],"about":[{"href":"https:\/\/anmpe.cl\/index.php\/wp-json\/wp\/v2\/types\/post"}],"author":[{"embeddable":true,"href":"https:\/\/anmpe.cl\/index.php\/wp-json\/wp\/v2\/users\/1"}],"replies":[{"embeddable":true,"href":"https:\/\/anmpe.cl\/index.php\/wp-json\/wp\/v2\/comments?post=2373"}],"version-history":[{"count":5,"href":"https:\/\/anmpe.cl\/index.php\/wp-json\/wp\/v2\/posts\/2373\/revisions"}],"predecessor-version":[{"id":2387,"href":"https:\/\/anmpe.cl\/index.php\/wp-json\/wp\/v2\/posts\/2373\/revisions\/2387"}],"wp:featuredmedia":[{"embeddable":true,"href":"https:\/\/anmpe.cl\/index.php\/wp-json\/wp\/v2\/media\/2374"}],"wp:attachment":[{"href":"https:\/\/anmpe.cl\/index.php\/wp-json\/wp\/v2\/media?parent=2373"}],"wp:term":[{"taxonomy":"category","embeddable":true,"href":"https:\/\/anmpe.cl\/index.php\/wp-json\/wp\/v2\/categories?post=2373"},{"taxonomy":"post_tag","embeddable":true,"href":"https:\/\/anmpe.cl\/index.php\/wp-json\/wp\/v2\/tags?post=2373"}],"curies":[{"name":"wp","href":"https:\/\/api.w.org\/{rel}","templated":true}]}}