{"id":1458,"date":"2021-09-01T15:24:42","date_gmt":"2021-09-01T19:24:42","guid":{"rendered":"https:\/\/anmpe.cl\/?p=1458"},"modified":"2021-09-01T15:24:43","modified_gmt":"2021-09-01T19:24:43","slug":"kabul-31-de-agosto-el-dia-d","status":"publish","type":"post","link":"https:\/\/anmpe.cl\/index.php\/2021\/09\/01\/kabul-31-de-agosto-el-dia-d\/","title":{"rendered":"KABUL, 31 de Agosto, el D\u00eda D"},"content":{"rendered":"\n<p><strong>Conferencia sobre Afganistan, primera actividad telem\u00e1tica de la nueva directiva<\/strong><\/p>\n\n\n\n<div class=\"wp-block-image\"><figure class=\"alignright is-resized\"><img loading=\"lazy\" decoding=\"async\" src=\"https:\/\/anmpe.cl\/wp-content\/uploads\/2021\/09\/WhatsApp-Image-2021-09-01-at-15.23.00-2.jpeg\" alt=\"\" class=\"wp-image-1460\" width=\"277\" height=\"166\" srcset=\"https:\/\/anmpe.cl\/wp-content\/uploads\/2021\/09\/WhatsApp-Image-2021-09-01-at-15.23.00-2.jpeg 600w, https:\/\/anmpe.cl\/wp-content\/uploads\/2021\/09\/WhatsApp-Image-2021-09-01-at-15.23.00-2-300x180.jpeg 300w\" sizes=\"auto, (max-width: 277px) 100vw, 277px\" \/><\/figure><\/div>\n\n\n\n<p>Un completo y detallado relato de la historia, la cultura, religi\u00f3n y pol\u00edtica de Afganist\u00e1n, fue lo medular de la conferencia que la periodista Carmen Jaureguiberry entreg\u00f3 \u2013v\u00eda zoom- a una importante audiencia convocada por la Asociaci\u00f3n Nacional de Mujeres Periodistas, ANMPE.<\/p>\n\n\n\n<p>Gran oportunidad para entender la historia de los talibanes y de este pa\u00eds asi\u00e1tico que ha sido invadido por mongoles, \u00e1rabes, persas, ingleses, rusos y estadounidenses. Todos han fracasado en sus intentos por dominarlos y explotar sus riquezas.<\/p>\n\n\n\n<p>La dr\u00e1stica decisi\u00f3n del presidente norteamericano, el drama en el aeropuerto de Kabul, la di\u00e1spora de miles de afganos, la muerte de los \u00faltimos 13 soldados y los testimonios de mujeres aterradas con respecto a su futuro, nos han afligido las \u00faltimas semanas.&nbsp;<\/p>\n\n\n\n<p>Esta conferencia nos permiti\u00f3 asomarnos a este pueblo guerrero y fundamentalista. A las 3:00 am del 30 de agosto, hora de nuestro hemisferio, mediod\u00eda del 31 en Afganist\u00e1n, el mayor general&nbsp;&nbsp;Chris Donahue se convirti\u00f3 en el \u00faltimo militar en subir al avi\u00f3n del rescate, dando por terminada&nbsp;&nbsp;una dominaci\u00f3n de 20 a\u00f1os y dejando a este pueblo en los comienzos de una nueva historia que tiene seriamente preocupada al mundo.<\/p>\n","protected":false},"excerpt":{"rendered":"<p>Conferencia sobre Afganistan, primera actividad telem\u00e1tica de la nueva directiva Un completo y detallado relato de la historia, la cultura, religi\u00f3n y pol\u00edtica de Afganist\u00e1n, fue lo medular de la conferencia que la periodista Carmen Jaureguiberry entreg\u00f3 \u2013v\u00eda zoom- a una importante audiencia convocada por la Asociaci\u00f3n Nacional de Mujeres Periodistas, ANMPE. Gran oportunidad para&#8230;<\/p>\n","protected":false},"author":1,"featured_media":1459,"comment_status":"closed","ping_status":"closed","sticky":false,"template":"","format":"standard","meta":{"_kadence_starter_templates_imported_post":false,"_kad_post_transparent":"","_kad_post_title":"","_kad_post_layout":"","_kad_post_sidebar_id":"","_kad_post_content_style":"","_kad_post_vertical_padding":"","_kad_post_feature":"","_kad_post_feature_position":"","_kad_post_header":false,"_kad_post_footer":false,"footnotes":""},"categories":[25,2],"tags":[],"class_list":["post-1458","post","type-post","status-publish","format-standard","has-post-thumbnail","hentry","category-columnas","category-noticias"],"_links":{"self":[{"href":"https:\/\/anmpe.cl\/index.php\/wp-json\/wp\/v2\/posts\/1458","targetHints":{"allow":["GET"]}}],"collection":[{"href":"https:\/\/anmpe.cl\/index.php\/wp-json\/wp\/v2\/posts"}],"about":[{"href":"https:\/\/anmpe.cl\/index.php\/wp-json\/wp\/v2\/types\/post"}],"author":[{"embeddable":true,"href":"https:\/\/anmpe.cl\/index.php\/wp-json\/wp\/v2\/users\/1"}],"replies":[{"embeddable":true,"href":"https:\/\/anmpe.cl\/index.php\/wp-json\/wp\/v2\/comments?post=1458"}],"version-history":[{"count":1,"href":"https:\/\/anmpe.cl\/index.php\/wp-json\/wp\/v2\/posts\/1458\/revisions"}],"predecessor-version":[{"id":1461,"href":"https:\/\/anmpe.cl\/index.php\/wp-json\/wp\/v2\/posts\/1458\/revisions\/1461"}],"wp:featuredmedia":[{"embeddable":true,"href":"https:\/\/anmpe.cl\/index.php\/wp-json\/wp\/v2\/media\/1459"}],"wp:attachment":[{"href":"https:\/\/anmpe.cl\/index.php\/wp-json\/wp\/v2\/media?parent=1458"}],"wp:term":[{"taxonomy":"category","embeddable":true,"href":"https:\/\/anmpe.cl\/index.php\/wp-json\/wp\/v2\/categories?post=1458"},{"taxonomy":"post_tag","embeddable":true,"href":"https:\/\/anmpe.cl\/index.php\/wp-json\/wp\/v2\/tags?post=1458"}],"curies":[{"name":"wp","href":"https:\/\/api.w.org\/{rel}","templated":true}]}}