{"id":1421,"date":"2021-08-09T14:18:12","date_gmt":"2021-08-09T18:18:12","guid":{"rendered":"https:\/\/anmpe.cl\/?p=1421"},"modified":"2021-08-10T11:16:50","modified_gmt":"2021-08-10T15:16:50","slug":"nueva-presidenta-de-la-asociacion-nacional-de-mujeres-periodistas-anmpe","status":"publish","type":"post","link":"https:\/\/anmpe.cl\/index.php\/2021\/08\/09\/nueva-presidenta-de-la-asociacion-nacional-de-mujeres-periodistas-anmpe\/","title":{"rendered":"Nueva presidenta de la Asociaci\u00f3n Nacional de Mujeres Periodistas (ANMPE)"},"content":{"rendered":"\n<h2 class=\"wp-block-heading\"><strong>VER\u00d3NICA L\u00d3PEZ:<\/strong><\/h2>\n\n\n\n<p>\u201cVISIBILIZAREMOS A LAS PROFESIONALES DE REGIONES Y PREPARAREMOS EL CONGRESO MUNDIAL DE MUJERES PERIODISTAS Y ESCRITORAS DE ROMA\u201d<\/p>\n\n\n\n<p>SU TRAYECTORIA&nbsp;la avala, habla por ella y le permite encarar con propiedad su m\u00e1s reciente desaf\u00edo: ser presidenta de la Asociaci\u00f3n Nacional de Mujeres Periodistas (ANMPE).<\/p>\n\n\n\n<div class=\"wp-block-image\"><figure class=\"alignright is-resized\"><img loading=\"lazy\" decoding=\"async\" src=\"https:\/\/anmpe.cl\/wp-content\/uploads\/2021\/08\/Captura-de-Pantalla-2021-08-09-a-las-14.17.04.png\" alt=\"\" class=\"wp-image-1423\" width=\"270\" height=\"190\" srcset=\"https:\/\/anmpe.cl\/wp-content\/uploads\/2021\/08\/Captura-de-Pantalla-2021-08-09-a-las-14.17.04.png 932w, https:\/\/anmpe.cl\/wp-content\/uploads\/2021\/08\/Captura-de-Pantalla-2021-08-09-a-las-14.17.04-300x212.png 300w, https:\/\/anmpe.cl\/wp-content\/uploads\/2021\/08\/Captura-de-Pantalla-2021-08-09-a-las-14.17.04-768x542.png 768w\" sizes=\"auto, (max-width: 270px) 100vw, 270px\" \/><figcaption>Fuente: FEM PATAGONIA<\/figcaption><\/figure><\/div>\n\n\n\n<p>Es Ver\u00f3nica L\u00f3pez, quien ha sido galardona con importantes premios period\u00edsticas, como lo son Lenka Franulic y Helena Rubinstein, adem\u00e1s de Nieman Award de la Fundaci\u00f3n Nieman, de la Universidad de Harvard.<\/p>\n\n\n\n<p>En un proceso que concit\u00f3 una amplia participaci\u00f3n de socias, la reconocida periodista se erigi\u00f3 como la timonel de ANMPE para el per\u00edodo 2021-2023.<\/p>\n\n\n\n<p>Creadora y directora de importantes medios, entre ellos las revistas Cosas, Caras y S\u00e1bado, ser\u00e1 acompa\u00f1ada en su gesti\u00f3n por otras nueve periodistas, siendo un gran paso el que su directorio est\u00e9 integrado por profesionales que se desempe\u00f1an en regiones, como Valpara\u00edso, La Araucan\u00eda y Magallanes.<\/p>\n\n\n\n<p>La vicepresidencia la ocupar\u00e1 Eliana Jim\u00e9nez, mientras que Patricia Alrringo y M\u00f3nica Stipicic actuar\u00e1n como secretaria y tesorera, respectivamente.<\/p>\n\n\n\n<p>Como encargada internacional se eligi\u00f3 a Margarita Pastene, ex presidenta del Colegio de Periodistas de Chile.<br>El directorio lo conformar\u00e1n las periodistas Alejandra Bonati, jefa de comunicaciones de Google Chile; Elia Simeone, directora de Fem Patagonia y jefa de Cr\u00f3nica de La Prensa Austral; Pamela Moreno, Silvana Sald\u00edas (Temuco) y Graciela Ib\u00e1\u00f1ez (Valpara\u00edso).<\/p>\n\n\n\n<p><strong>DESAF\u00cdOS<\/strong><\/p>\n\n\n\n<p>\u201cYa estamos conectadas con Antofagasta, Calama, Valpara\u00edso, Concepci\u00f3n, Temuco y Punta Arenas. En el extranjero, con Espa\u00f1a, Alemania, Italia, Francia, Estados Unidos y Colombia\u201d, escrib\u00eda Ver\u00f3nica L\u00f3pez al momento de lanzar su postulaci\u00f3n.<\/p>\n\n\n\n<p>COMISI\u00d3N DE COMUNICACIONES, INFORMACI\u00d3N Y TRANSPARENCIA DE LA CONVENCI\u00d3N CONSTITUCIONAL<\/p>\n\n\n\n<p>Una de las primeras actividades realizadas por la nueva directiva encabezada por Ver\u00f3nica L\u00f3pez fue concurrir este mi\u00e9rcoles a la Comisi\u00f3n de Comunicaciones, Informaci\u00f3n y Transparencia de la Convenci\u00f3n Constitucional en Santiago.<\/p>\n\n\n\n<p>El objetivo de la reuni\u00f3n fue generar los mecanismos que faciliten la entrega de informaci\u00f3n, la transparencia y el flujo de comunicaci\u00f3n entre la Convenci\u00f3n Constitucional y la sociedad.<\/p>\n\n\n\n<p>Con este fin fueron invitados las ANP, Medios regionales, Colegio de Periodistas, CNTV, ANMPE, entre otros.<\/p>\n\n\n\n<p>Para la Asociaci\u00f3n Nacional de Mujeres Periodistas, fue muy relevante participar pues puede aportar con propuestas a la Convenci\u00f3n.<\/p>\n\n\n\n<p>Ya al frente de la ANMPE, Ver\u00f3nica ratific\u00f3 a Fem Patagonia su inter\u00e9s por activar la participaci\u00f3n de las periodistas de regiones.<\/p>\n\n\n\n<p>\u201cUno de los objetivos que me propuse al momento de postular fue ir acompa\u00f1ada por colegas que est\u00e9n ejerciendo en regiones, pues queremos visibilizar a periodistas de todo el pa\u00eds, aprovechar sus experiencias y aportar, desde la asociaci\u00f3n, a que puedan sentirse vinculadas y puedan acceder a capacitaciones y talleres que les permitan enfrentar de la mejor manera sus desaf\u00edos profesionales\u201d, explic\u00f3 Ver\u00f3nica L\u00f3pez.<\/p>\n\n\n\n<p>Otro de sus desaf\u00edos ser\u00e1 llevar una ponencia que represente a las mujeres periodistas de Chile en el Congreso Mundial de Mujeres Periodistas y Escritoras, que se realizar\u00e1 en Roma en noviembre del pr\u00f3ximo a\u00f1o.<\/p>\n\n\n\n<p><strong>AMPLIA TRAYECTORIA<\/strong><\/p>\n\n\n\n<p>Ver\u00f3nica L\u00f3pez Helfmann estudi\u00f3 periodismo en la Pontificia Universidad Cat\u00f3lica de Chile. Ha sido fundadora y directora de varias revistas, entre las que se pueden citar Contigo (1974), Cosas (1976), Semana (Colombia, 1982), MasterClub (1986), Caras (1988), Socios del Hogar de Cristo (1990), \u00abS\u00e1bado\u00bb de El Mercurio (1998), y Ant\u00edlope (2012). Cuando dirig\u00eda Caras se convirti\u00f3 en la primera periodista chilena seleccionada para la beca Nieman Fellow, de la Universidad de Harvard.<\/p>\n\n\n\n<p>Se desempe\u00f1\u00f3 tambi\u00e9n como directora del noticiario Teletarde, de Canal 13 (1971-1973), agregada cultural de Chile en Washington D.C. (2001-2003), y jefa de Prensa de TVN (2003-2005).<\/p>\n\n\n\n<p>L\u00f3pez, que desarroll\u00f3 gran parte de sucarrera bajo la dictadura militar, afirma que el periodismo chileno se vio fuertemente marcado por la situaci\u00f3n pol\u00edtica del pa\u00eds: <\/p>\n\n\n\n<p>En 2017 L\u00f3pez -que dice \u201cllevar el periodismo en la sangre\u201d-, public\u00f3 unas memorias tituladas \u201c40 a\u00f1os de revistas. Un relato personal\u201d.<\/p>\n\n\n\n<p>Ha recibido importantes premios por su labor, como el Helena Rubinstein (1977) o el Lenka Franulic (1992), entre otros; se ha desempe\u00f1ado como secretaria general de la Asociaci\u00f3n Nacional de Mujeres Periodistas (2015). y profesora de diversos cursos: Introducci\u00f3n al Periodismo (Universidad Cat\u00f3lica, 1974; y Alberto Hurtado, 2009), Taller de Revistas (Universidad de Chile, 1989; y Alberto Hurtado, 2011). y Taller de Proyectos Period\u00edsticos, Pontificia Universidad Cat\u00f3lica de Chile (2017).<\/p>\n\n\n\n<figure class=\"wp-block-image\"><img loading=\"lazy\" decoding=\"async\" width=\"455\" height=\"171\" src=\"https:\/\/anmpe.cl\/wp-content\/uploads\/2021\/08\/B497F591-EA4D-4D45-BE3F-C9E0D2DF00F7.jpeg\" alt=\"\" class=\"wp-image-1426\" srcset=\"https:\/\/anmpe.cl\/wp-content\/uploads\/2021\/08\/B497F591-EA4D-4D45-BE3F-C9E0D2DF00F7.jpeg 455w, https:\/\/anmpe.cl\/wp-content\/uploads\/2021\/08\/B497F591-EA4D-4D45-BE3F-C9E0D2DF00F7-300x113.jpeg 300w\" sizes=\"auto, (max-width: 455px) 100vw, 455px\" \/><\/figure>\n\n\n\n<blockquote class=\"wp-block-quote is-layout-flow wp-block-quote-is-layout-flow\"><p>Fuente del diario el Mercurio de Santiago <\/p><\/blockquote>\n","protected":false},"excerpt":{"rendered":"<p>VER\u00d3NICA L\u00d3PEZ: \u201cVISIBILIZAREMOS A LAS PROFESIONALES DE REGIONES Y PREPARAREMOS EL CONGRESO MUNDIAL DE MUJERES PERIODISTAS Y ESCRITORAS DE ROMA\u201d SU TRAYECTORIA&nbsp;la avala, habla por ella y le permite encarar con propiedad su m\u00e1s reciente desaf\u00edo: ser presidenta de la Asociaci\u00f3n Nacional de Mujeres Periodistas (ANMPE). Es Ver\u00f3nica L\u00f3pez, quien ha sido galardona con importantes&#8230;<\/p>\n","protected":false},"author":1,"featured_media":1422,"comment_status":"closed","ping_status":"closed","sticky":false,"template":"","format":"standard","meta":{"_kadence_starter_templates_imported_post":false,"_kad_post_transparent":"","_kad_post_title":"","_kad_post_layout":"","_kad_post_sidebar_id":"","_kad_post_content_style":"","_kad_post_vertical_padding":"","_kad_post_feature":"","_kad_post_feature_position":"","_kad_post_header":false,"_kad_post_footer":false,"footnotes":""},"categories":[24,2],"tags":[],"class_list":["post-1421","post","type-post","status-publish","format-standard","has-post-thumbnail","hentry","category-anmp-en-la-prensa","category-noticias"],"_links":{"self":[{"href":"https:\/\/anmpe.cl\/index.php\/wp-json\/wp\/v2\/posts\/1421","targetHints":{"allow":["GET"]}}],"collection":[{"href":"https:\/\/anmpe.cl\/index.php\/wp-json\/wp\/v2\/posts"}],"about":[{"href":"https:\/\/anmpe.cl\/index.php\/wp-json\/wp\/v2\/types\/post"}],"author":[{"embeddable":true,"href":"https:\/\/anmpe.cl\/index.php\/wp-json\/wp\/v2\/users\/1"}],"replies":[{"embeddable":true,"href":"https:\/\/anmpe.cl\/index.php\/wp-json\/wp\/v2\/comments?post=1421"}],"version-history":[{"count":2,"href":"https:\/\/anmpe.cl\/index.php\/wp-json\/wp\/v2\/posts\/1421\/revisions"}],"predecessor-version":[{"id":1427,"href":"https:\/\/anmpe.cl\/index.php\/wp-json\/wp\/v2\/posts\/1421\/revisions\/1427"}],"wp:featuredmedia":[{"embeddable":true,"href":"https:\/\/anmpe.cl\/index.php\/wp-json\/wp\/v2\/media\/1422"}],"wp:attachment":[{"href":"https:\/\/anmpe.cl\/index.php\/wp-json\/wp\/v2\/media?parent=1421"}],"wp:term":[{"taxonomy":"category","embeddable":true,"href":"https:\/\/anmpe.cl\/index.php\/wp-json\/wp\/v2\/categories?post=1421"},{"taxonomy":"post_tag","embeddable":true,"href":"https:\/\/anmpe.cl\/index.php\/wp-json\/wp\/v2\/tags?post=1421"}],"curies":[{"name":"wp","href":"https:\/\/api.w.org\/{rel}","templated":true}]}}