{"id":1416,"date":"2021-08-03T13:29:34","date_gmt":"2021-08-03T17:29:34","guid":{"rendered":"https:\/\/anmpe.cl\/?p=1416"},"modified":"2021-08-03T13:29:36","modified_gmt":"2021-08-03T17:29:36","slug":"cuenta-directiva-anmp-2019-2021","status":"publish","type":"post","link":"https:\/\/anmpe.cl\/index.php\/2021\/08\/03\/cuenta-directiva-anmp-2019-2021\/","title":{"rendered":"CUENTA DIRECTIVA ANMP 2019-2021"},"content":{"rendered":"\n<p>Hemos publicado el reporte de la gesti\u00f3n realizada por el equipo liderado por Bernardita del Solar e integrado por Carolina Jim\u00e9nez, Laura Reyes, Carolina Mardones, Carmen Jaureguiberry, Karim G\u00e1lvez, Eliana Jim\u00e9nez, Mar\u00eda Eugenia D\u00edaz y Daniela Valle.<\/p>\n\n\n\n<div class=\"wp-block-file\"><a href=\"https:\/\/anmpe.cl\/wp-content\/uploads\/2021\/08\/ASAMBLEA-ANUAL-ANMPE-julio-2021-Final.pdf\">ASAMBLEA-ANUAL-ANMPE-julio-2021-Final<\/a><a href=\"https:\/\/anmpe.cl\/wp-content\/uploads\/2021\/08\/ASAMBLEA-ANUAL-ANMPE-julio-2021-Final.pdf\" class=\"wp-block-file__button\" download>Descarga<\/a><\/div>\n","protected":false},"excerpt":{"rendered":"<p>Hemos publicado el reporte de la gesti\u00f3n realizada por el equipo liderado por Bernardita del Solar e integrado por Carolina Jim\u00e9nez, Laura Reyes, Carolina Mardones, Carmen Jaureguiberry, Karim G\u00e1lvez, Eliana Jim\u00e9nez, Mar\u00eda Eugenia D\u00edaz y Daniela Valle.<\/p>\n","protected":false},"author":1,"featured_media":1420,"comment_status":"closed","ping_status":"closed","sticky":false,"template":"","format":"standard","meta":{"_kadence_starter_templates_imported_post":false,"_kad_post_transparent":"","_kad_post_title":"","_kad_post_layout":"","_kad_post_sidebar_id":"","_kad_post_content_style":"","_kad_post_vertical_padding":"","_kad_post_feature":"","_kad_post_feature_position":"","_kad_post_header":false,"_kad_post_footer":false,"footnotes":""},"categories":[36,2],"tags":[],"class_list":["post-1416","post","type-post","status-publish","format-standard","has-post-thumbnail","hentry","category-comunicados-de-prensa","category-noticias"],"_links":{"self":[{"href":"https:\/\/anmpe.cl\/index.php\/wp-json\/wp\/v2\/posts\/1416","targetHints":{"allow":["GET"]}}],"collection":[{"href":"https:\/\/anmpe.cl\/index.php\/wp-json\/wp\/v2\/posts"}],"about":[{"href":"https:\/\/anmpe.cl\/index.php\/wp-json\/wp\/v2\/types\/post"}],"author":[{"embeddable":true,"href":"https:\/\/anmpe.cl\/index.php\/wp-json\/wp\/v2\/users\/1"}],"replies":[{"embeddable":true,"href":"https:\/\/anmpe.cl\/index.php\/wp-json\/wp\/v2\/comments?post=1416"}],"version-history":[{"count":1,"href":"https:\/\/anmpe.cl\/index.php\/wp-json\/wp\/v2\/posts\/1416\/revisions"}],"predecessor-version":[{"id":1419,"href":"https:\/\/anmpe.cl\/index.php\/wp-json\/wp\/v2\/posts\/1416\/revisions\/1419"}],"wp:featuredmedia":[{"embeddable":true,"href":"https:\/\/anmpe.cl\/index.php\/wp-json\/wp\/v2\/media\/1420"}],"wp:attachment":[{"href":"https:\/\/anmpe.cl\/index.php\/wp-json\/wp\/v2\/media?parent=1416"}],"wp:term":[{"taxonomy":"category","embeddable":true,"href":"https:\/\/anmpe.cl\/index.php\/wp-json\/wp\/v2\/categories?post=1416"},{"taxonomy":"post_tag","embeddable":true,"href":"https:\/\/anmpe.cl\/index.php\/wp-json\/wp\/v2\/tags?post=1416"}],"curies":[{"name":"wp","href":"https:\/\/api.w.org\/{rel}","templated":true}]}}