{"id":1407,"date":"2021-07-12T12:43:53","date_gmt":"2021-07-12T16:43:53","guid":{"rendered":"https:\/\/anmpe.cl\/?p=1407"},"modified":"2021-07-12T12:43:54","modified_gmt":"2021-07-12T16:43:54","slug":"elecciones-nueva-directiva-2021-2023","status":"publish","type":"post","link":"https:\/\/anmpe.cl\/index.php\/2021\/07\/12\/elecciones-nueva-directiva-2021-2023\/","title":{"rendered":"ELECCIONES NUEVA DIRECTIVA 2021-2023"},"content":{"rendered":"\n<p>Estimadas socias:<\/p>\n\n\n\n<p>Junto con saludarlas quiero invitarlas a participar en las elecciones de la nueva directiva de la Asociaci\u00f3n Nacional de Mujeres Periodistas, que se realizar\u00e1&nbsp;el viernes 30 de julio. En esa ocasi\u00f3n, se presentar\u00e1 ante la Asamblea de socias, un informe de lo realizado por la actual directiva y se realizar\u00e1 las elecci\u00f3n de Presidenta y nueve directoras.<br>La cuenta de la directiva 2019-2021 y el&nbsp; recuento de votos se iniciar\u00e1&nbsp;a las 16 horas.&nbsp;<\/p>\n\n\n\n<p>Debido a la pandemia, el Ministerio de Econom\u00eda permite la realizaci\u00f3n de la votaci\u00f3n en forma virtual.<br><br>Cada socia activa tendr\u00e1 dos votos:&nbsp;<strong>Uno para las candidatas a Presidenta y otro&nbsp;para las candidatas a directoras. Se les enviar\u00e1 un formulario el d\u00eda 29 de julio que deber\u00e1 ser enviado con sus votos marcados a m\u00e1s tardar el viernes 30 de julio a las 14 horas. Cualquier voto despu\u00e9s de esa hora no ser\u00e1 registrado.<\/strong><br><br><strong>Las candidatas son las siguientes:<br><br>Candidata a Presidenta<\/strong>:<br>Ver\u00f3nica L\u00f3pez<br><br><strong>Candidatas a Directoras<\/strong><br>1. Patricia Alrringo<br>2. Alejandra Bonati<br>3. Graciela Ib\u00e1nez<br>4. Eliana Jim\u00e9nez<br>5. Mar\u00eda Jes\u00fas L\u00f3pez<br>6. Pamela Morales<br>7. Margarita Pastene<br>8. Silvana Sald\u00edas<br>9. Elia Simeone<br>10. M\u00f3nica Stipicic<br>11. Ignacia Vasquez<br>&nbsp;<\/p>\n\n\n\n<p>Para que la elecci\u00f3n sea v\u00e1lida necesitamos cumplir las disposiciones del Ministerio de Econom\u00eda para elecciones en Asociaciones Gremiales, as\u00ed como con&nbsp;los Estatutos de nuestra Asociaci\u00f3n que pueden revisar en nuestra p\u00e1gina web:&nbsp;<a href=\"https:\/\/anmpe.cl\/\" target=\"_blank\" rel=\"noreferrer noopener\">https:\/\/anmpe.cl\/<\/a><\/p>\n\n\n\n<p>De acuerdo a nuestros estatutos pueden votar todas aquellas&nbsp;socias inscritas en la Asociaci\u00f3n, que tengan su cuota anual al d\u00eda. En caso de no estar al d\u00eda, les solicitamos depositar su cuota de 1UF anual en la cuenta vista, enviando el registro de su comprobante al mail de nuestra tesorera&nbsp;<a href=\"mailto:mediazbeas@gmail.com\" target=\"_blank\" rel=\"noreferrer noopener\">mediazbeas@gmail.com<\/a>.<\/p>\n\n\n\n<p>RUT Anmpe: 65.164.308-2<\/p>\n\n\n\n<p>Cuenta Vista 02-897-00778-73<\/p>\n\n\n\n<p>Banco Del Estado De Chile<\/p>\n\n\n\n<p>mail:&nbsp;<a href=\"mailto:mediazbeas@gmail.com\" target=\"_blank\" rel=\"noreferrer noopener\">mediazbeas@gmail.com<\/a><\/p>\n\n\n\n<p>Para efectos de elaborar el padr\u00f3n de la elecci\u00f3n, tienen fecha para inscribirse hasta el 23 de julio pr\u00f3ximo acompa\u00f1ando un mail con los siguientes datos, adem\u00e1s del comprobante de transferencia.&nbsp;&nbsp;<\/p>\n\n\n\n<p>Nombre completo, RUT, tel\u00e9fono de contacto y un documento que acredite su calidad de periodista (puede ser copia de su t\u00edtulo, su carnet de identidad donde aparezca su profesi\u00f3n o de la instituci\u00f3n donde trabaja en que se diga que especifique&nbsp;que es periodista).<br><br>Cualquier consulta pueden enviarla al mail&nbsp;<a href=\"mailto:bernardita.delsolar@gmail.com\" target=\"_blank\" rel=\"noreferrer noopener\">bernardita.delsolar@gmail.com<\/a>, con copia a&nbsp;<a href=\"mailto:mediazbeas@gmail.com\" target=\"_blank\" rel=\"noreferrer noopener\">mediazbeas@gmail.com<\/a>&nbsp;y&nbsp;<a href=\"mailto:cmardones@udd.cl\" target=\"_blank\" rel=\"noreferrer noopener\">cmardones@udd.cl<\/a><\/p>\n\n\n\n<p>Agradeciendo su buena disposici\u00f3n e invit\u00e1ndolas a participar se despiden afectuosamente&nbsp;<\/p>\n\n\n\n<p><strong>Directiva Anmpe\u00a0:<br><\/strong>Bernardita del Solar\u00a0\u00a0<br>Laura Reyes\u00a0<br>Carolina Mardones<br>Mar\u00eda Eugenia D\u00edaz<br>Carolina Jim\u00e9nez<br>Carmen Jaureguiberry<br>Eliana Jim\u00e9nez\u00a0<br>Karim G\u00e1lvez<br>Daniela Valle\u00a0<\/p>\n","protected":false},"excerpt":{"rendered":"<p>Estimadas socias: Junto con saludarlas quiero invitarlas a participar en las elecciones de la nueva directiva de la Asociaci\u00f3n Nacional de Mujeres Periodistas, que se realizar\u00e1&nbsp;el viernes 30 de julio. En esa ocasi\u00f3n, se presentar\u00e1 ante la Asamblea de socias, un informe de lo realizado por la actual directiva y se realizar\u00e1 las elecci\u00f3n de&#8230;<\/p>\n","protected":false},"author":1,"featured_media":948,"comment_status":"closed","ping_status":"closed","sticky":false,"template":"","format":"standard","meta":{"_kadence_starter_templates_imported_post":false,"_kad_post_transparent":"","_kad_post_title":"","_kad_post_layout":"","_kad_post_sidebar_id":"","_kad_post_content_style":"","_kad_post_vertical_padding":"","_kad_post_feature":"","_kad_post_feature_position":"","_kad_post_header":false,"_kad_post_footer":false,"footnotes":""},"categories":[2],"tags":[],"class_list":["post-1407","post","type-post","status-publish","format-standard","has-post-thumbnail","hentry","category-noticias"],"_links":{"self":[{"href":"https:\/\/anmpe.cl\/index.php\/wp-json\/wp\/v2\/posts\/1407","targetHints":{"allow":["GET"]}}],"collection":[{"href":"https:\/\/anmpe.cl\/index.php\/wp-json\/wp\/v2\/posts"}],"about":[{"href":"https:\/\/anmpe.cl\/index.php\/wp-json\/wp\/v2\/types\/post"}],"author":[{"embeddable":true,"href":"https:\/\/anmpe.cl\/index.php\/wp-json\/wp\/v2\/users\/1"}],"replies":[{"embeddable":true,"href":"https:\/\/anmpe.cl\/index.php\/wp-json\/wp\/v2\/comments?post=1407"}],"version-history":[{"count":1,"href":"https:\/\/anmpe.cl\/index.php\/wp-json\/wp\/v2\/posts\/1407\/revisions"}],"predecessor-version":[{"id":1408,"href":"https:\/\/anmpe.cl\/index.php\/wp-json\/wp\/v2\/posts\/1407\/revisions\/1408"}],"wp:featuredmedia":[{"embeddable":true,"href":"https:\/\/anmpe.cl\/index.php\/wp-json\/wp\/v2\/media\/948"}],"wp:attachment":[{"href":"https:\/\/anmpe.cl\/index.php\/wp-json\/wp\/v2\/media?parent=1407"}],"wp:term":[{"taxonomy":"category","embeddable":true,"href":"https:\/\/anmpe.cl\/index.php\/wp-json\/wp\/v2\/categories?post=1407"},{"taxonomy":"post_tag","embeddable":true,"href":"https:\/\/anmpe.cl\/index.php\/wp-json\/wp\/v2\/tags?post=1407"}],"curies":[{"name":"wp","href":"https:\/\/api.w.org\/{rel}","templated":true}]}}