{"id":1340,"date":"2021-03-26T16:40:25","date_gmt":"2021-03-26T20:40:25","guid":{"rendered":"https:\/\/anmpe.cl\/?p=1340"},"modified":"2021-03-26T16:40:26","modified_gmt":"2021-03-26T20:40:26","slug":"vida-mia","status":"publish","type":"post","link":"https:\/\/anmpe.cl\/index.php\/2021\/03\/26\/vida-mia\/","title":{"rendered":"VIDA M\u00cdA"},"content":{"rendered":"\n<p><strong>Autorretrato de la artista visual y poeta, Paula Zegers Vial, fue donada a la ganadora del premio Lenka Franulic.<\/strong><\/p>\n\n\n\n<div class=\"wp-block-image\"><figure class=\"alignright is-resized\"><img loading=\"lazy\" decoding=\"async\" src=\"https:\/\/anmpe.cl\/wp-content\/uploads\/2021\/03\/Paula-1-Zegers-736x1024.jpeg\" alt=\"\" class=\"wp-image-1341\" width=\"269\" height=\"374\" srcset=\"https:\/\/anmpe.cl\/wp-content\/uploads\/2021\/03\/Paula-1-Zegers-736x1024.jpeg 736w, https:\/\/anmpe.cl\/wp-content\/uploads\/2021\/03\/Paula-1-Zegers-216x300.jpeg 216w, https:\/\/anmpe.cl\/wp-content\/uploads\/2021\/03\/Paula-1-Zegers-768x1069.jpeg 768w, https:\/\/anmpe.cl\/wp-content\/uploads\/2021\/03\/Paula-1-Zegers.jpeg 920w\" sizes=\"auto, (max-width: 269px) 100vw, 269px\" \/><figcaption>Artista Paula Zegers Vial<\/figcaption><\/figure><\/div>\n\n\n\n<p>Paula es una artista visual y poeta que dibuja, pinta y le habla a la mujer. Su obra&nbsp;&nbsp;la muestra como una mujer latina que en su rostro denota \u201claberintos de terror, de horror; de calma y satisfacci\u00f3n donde nos vemos altos, o definitivamente delgados, como el alma se muestra\u201d, como ella misma describe.<\/p>\n\n\n\n<div class=\"wp-block-image\"><figure class=\"alignleft is-resized\"><img loading=\"lazy\" decoding=\"async\" src=\"https:\/\/anmpe.cl\/wp-content\/uploads\/2021\/03\/Paula-2.jpg\" alt=\"\" class=\"wp-image-1342\" width=\"234\" height=\"312\" srcset=\"https:\/\/anmpe.cl\/wp-content\/uploads\/2021\/03\/Paula-2.jpg 567w, https:\/\/anmpe.cl\/wp-content\/uploads\/2021\/03\/Paula-2-224x300.jpg 224w\" sizes=\"auto, (max-width: 234px) 100vw, 234px\" \/><figcaption>Autorretrato donado para premio Lenka Franulic 2020<\/figcaption><\/figure><\/div>\n\n\n\n<p>Inmediatamente, Paula Zegers, se sinti\u00f3 identificada con Delia Vergara Larra\u00edn, la periodista galardonada con el premio Lenka Franulic 2020, por la Asociaci\u00f3n Nacional de Mujeres Periodistas (Anmpe). Generosamente, nos regal\u00f3 la copia n\u00famero 9, de las 10, que realiz\u00f3 -con t\u00e9cnica mixta sobre papel-&nbsp;&nbsp;como parte de su trabajo pict\u00f3rico llamado \u201cVida M\u00eda\u201d, y que muestra las etapas de su recorrido personal, seg\u00fan se describe en una monograf\u00eda editada el a\u00f1o 2019 (<a href=\"http:\/\/www.paulazegers.com\/\">www.paulazegers.com<\/a>&nbsp;). Es la obra de arte que hoy cuelga en las paredes de la casa de Delia Vergara, como un recuerdo y reconocimiento del jurado, las socias y directoras de la ANMPE, que la eligieron como la periodista con la m\u00e1s destacada trayectoria del 2020, merecedora&nbsp;&nbsp;del premio Lenka Franulic.<\/p>\n\n\n\n<figure class=\"wp-block-image\"><img loading=\"lazy\" decoding=\"async\" width=\"1024\" height=\"576\" src=\"https:\/\/anmpe.cl\/wp-content\/uploads\/2021\/03\/3-Trabajo-actual-1024x576.jpg\" alt=\"\" class=\"wp-image-1343\" srcset=\"https:\/\/anmpe.cl\/wp-content\/uploads\/2021\/03\/3-Trabajo-actual-1024x576.jpg 1024w, https:\/\/anmpe.cl\/wp-content\/uploads\/2021\/03\/3-Trabajo-actual-300x169.jpg 300w, https:\/\/anmpe.cl\/wp-content\/uploads\/2021\/03\/3-Trabajo-actual-768x432.jpg 768w, https:\/\/anmpe.cl\/wp-content\/uploads\/2021\/03\/3-Trabajo-actual.jpg 1200w\" sizes=\"auto, (max-width: 1024px) 100vw, 1024px\" \/><figcaption>Trabajo actual de la autora<\/figcaption><\/figure>\n\n\n\n<p>Hoy, lo figurativo ha dado paso a los \u201cCuerpos negros\u201d,&nbsp;&nbsp;que son espinos y tejas doblemente quemadas, que su amigo Bororo describe como: \u201ces costura, es pintura, es instalaci\u00f3n, invasi\u00f3n a un espacio ocupado e iluminado. Estar ah\u00ed facilita las cosas, posees el lugar. Ah\u00ed, geom\u00e9trico e iluminado. Hoy Paula Zegers es lo inerte, nuestro templo, lo sagrado\u201d.<\/p>\n","protected":false},"excerpt":{"rendered":"<p>Autorretrato de la artista visual y poeta, Paula Zegers Vial, fue donada a la ganadora del premio Lenka Franulic. Paula es una artista visual y poeta que dibuja, pinta y le habla a la mujer. Su obra&nbsp;&nbsp;la muestra como una mujer latina que en su rostro denota \u201claberintos de terror, de horror; de calma y&#8230;<\/p>\n","protected":false},"author":1,"featured_media":1341,"comment_status":"closed","ping_status":"closed","sticky":false,"template":"","format":"standard","meta":{"_kadence_starter_templates_imported_post":false,"_kad_post_transparent":"","_kad_post_title":"","_kad_post_layout":"","_kad_post_sidebar_id":"","_kad_post_content_style":"","_kad_post_vertical_padding":"","_kad_post_feature":"","_kad_post_feature_position":"","_kad_post_header":false,"_kad_post_footer":false,"footnotes":""},"categories":[26],"tags":[],"class_list":["post-1340","post","type-post","status-publish","format-standard","has-post-thumbnail","hentry","category-actividades"],"_links":{"self":[{"href":"https:\/\/anmpe.cl\/index.php\/wp-json\/wp\/v2\/posts\/1340","targetHints":{"allow":["GET"]}}],"collection":[{"href":"https:\/\/anmpe.cl\/index.php\/wp-json\/wp\/v2\/posts"}],"about":[{"href":"https:\/\/anmpe.cl\/index.php\/wp-json\/wp\/v2\/types\/post"}],"author":[{"embeddable":true,"href":"https:\/\/anmpe.cl\/index.php\/wp-json\/wp\/v2\/users\/1"}],"replies":[{"embeddable":true,"href":"https:\/\/anmpe.cl\/index.php\/wp-json\/wp\/v2\/comments?post=1340"}],"version-history":[{"count":1,"href":"https:\/\/anmpe.cl\/index.php\/wp-json\/wp\/v2\/posts\/1340\/revisions"}],"predecessor-version":[{"id":1344,"href":"https:\/\/anmpe.cl\/index.php\/wp-json\/wp\/v2\/posts\/1340\/revisions\/1344"}],"wp:featuredmedia":[{"embeddable":true,"href":"https:\/\/anmpe.cl\/index.php\/wp-json\/wp\/v2\/media\/1341"}],"wp:attachment":[{"href":"https:\/\/anmpe.cl\/index.php\/wp-json\/wp\/v2\/media?parent=1340"}],"wp:term":[{"taxonomy":"category","embeddable":true,"href":"https:\/\/anmpe.cl\/index.php\/wp-json\/wp\/v2\/categories?post=1340"},{"taxonomy":"post_tag","embeddable":true,"href":"https:\/\/anmpe.cl\/index.php\/wp-json\/wp\/v2\/tags?post=1340"}],"curies":[{"name":"wp","href":"https:\/\/api.w.org\/{rel}","templated":true}]}}