{"id":1184,"date":"2020-07-24T18:28:58","date_gmt":"2020-07-24T22:28:58","guid":{"rendered":"https:\/\/anmpe.cl\/?p=1184"},"modified":"2021-02-08T09:49:03","modified_gmt":"2021-02-08T13:49:03","slug":"como-gestionar-las-comunicaciones-en-tiempos-de-pandemia","status":"publish","type":"post","link":"https:\/\/anmpe.cl\/index.php\/2020\/07\/24\/como-gestionar-las-comunicaciones-en-tiempos-de-pandemia\/","title":{"rendered":"C\u00f3mo gestionar las comunicaciones en tiempos de pandemia"},"content":{"rendered":"\n<p>Diario Financiero, 24 de julio de 2020<\/p>\n\n\n\n<p>Ejecutivas del \u00e1rea de las comunicaciones cuentan los desaf\u00edos y aprendizajes sobre cu\u00e1ndo y cu\u00e1nto comunicar en el complejo escenario de mantener la continuidad de las operaciones y con parte de los empleados en teletrabajo. <\/p>\n\n\n\n<figure class=\"wp-block-image\"><img loading=\"lazy\" decoding=\"async\" width=\"624\" height=\"420\" src=\"https:\/\/anmpe.cl\/wp-content\/uploads\/2020\/07\/DF-24072020.png\" alt=\"\" class=\"wp-image-1185\" srcset=\"https:\/\/anmpe.cl\/wp-content\/uploads\/2020\/07\/DF-24072020.png 624w, https:\/\/anmpe.cl\/wp-content\/uploads\/2020\/07\/DF-24072020-300x202.png 300w\" sizes=\"auto, (max-width: 624px) 100vw, 624px\" \/><\/figure>\n\n\n\n<p><a href=\"https:\/\/www.df.cl\/noticias\/tendencias\/tendencia\/como-gestionar-las-comunicaciones-en-las-empresas-en-tiempos-de-pandemia\/2020-07-24\/153554.html?utm_mc=WA-NrG4RSqM_DZrBNg5lpBbYOsQPQT2n\">https:\/\/www.df.cl\/noticias\/tendencias\/tendencia\/como-gestionar-las-comunicaciones-en-las-empresas-en-tiempos-de-pandemia\/2020-07-24\/153554.html?utm_mc=WA-NrG4RSqM_DZrBNg5lpBbYOsQPQT2n<\/a><\/p>\n","protected":false},"excerpt":{"rendered":"<p>Ejecutivas del \u00e1rea de las comunicaciones cuentan los desaf\u00edos y aprendizajes sobre cu\u00e1ndo y cu\u00e1nto comunicar en el complejo escenario de mantener la continuidad de las operaciones y con parte de los empleados en teletrabajo. <\/p>\n","protected":false},"author":1,"featured_media":1185,"comment_status":"closed","ping_status":"open","sticky":false,"template":"","format":"standard","meta":{"_kadence_starter_templates_imported_post":false,"_kad_post_transparent":"","_kad_post_title":"","_kad_post_layout":"","_kad_post_sidebar_id":"","_kad_post_content_style":"","_kad_post_vertical_padding":"","_kad_post_feature":"","_kad_post_feature_position":"","_kad_post_header":false,"_kad_post_footer":false,"footnotes":""},"categories":[24,2],"tags":[],"class_list":["post-1184","post","type-post","status-publish","format-standard","has-post-thumbnail","hentry","category-anmp-en-la-prensa","category-noticias"],"_links":{"self":[{"href":"https:\/\/anmpe.cl\/index.php\/wp-json\/wp\/v2\/posts\/1184","targetHints":{"allow":["GET"]}}],"collection":[{"href":"https:\/\/anmpe.cl\/index.php\/wp-json\/wp\/v2\/posts"}],"about":[{"href":"https:\/\/anmpe.cl\/index.php\/wp-json\/wp\/v2\/types\/post"}],"author":[{"embeddable":true,"href":"https:\/\/anmpe.cl\/index.php\/wp-json\/wp\/v2\/users\/1"}],"replies":[{"embeddable":true,"href":"https:\/\/anmpe.cl\/index.php\/wp-json\/wp\/v2\/comments?post=1184"}],"version-history":[{"count":2,"href":"https:\/\/anmpe.cl\/index.php\/wp-json\/wp\/v2\/posts\/1184\/revisions"}],"predecessor-version":[{"id":1187,"href":"https:\/\/anmpe.cl\/index.php\/wp-json\/wp\/v2\/posts\/1184\/revisions\/1187"}],"wp:featuredmedia":[{"embeddable":true,"href":"https:\/\/anmpe.cl\/index.php\/wp-json\/wp\/v2\/media\/1185"}],"wp:attachment":[{"href":"https:\/\/anmpe.cl\/index.php\/wp-json\/wp\/v2\/media?parent=1184"}],"wp:term":[{"taxonomy":"category","embeddable":true,"href":"https:\/\/anmpe.cl\/index.php\/wp-json\/wp\/v2\/categories?post=1184"},{"taxonomy":"post_tag","embeddable":true,"href":"https:\/\/anmpe.cl\/index.php\/wp-json\/wp\/v2\/tags?post=1184"}],"curies":[{"name":"wp","href":"https:\/\/api.w.org\/{rel}","templated":true}]}}