{"id":1148,"date":"2020-06-12T18:14:35","date_gmt":"2020-06-12T22:14:35","guid":{"rendered":"https:\/\/anmpe.cl\/?p=1148"},"modified":"2021-02-08T09:49:03","modified_gmt":"2021-02-08T13:49:03","slug":"anmpe-anuncio-mesa-de-trabajo-con-la-federacion-de-medios-de-comunicacion","status":"publish","type":"post","link":"https:\/\/anmpe.cl\/index.php\/2020\/06\/12\/anmpe-anuncio-mesa-de-trabajo-con-la-federacion-de-medios-de-comunicacion\/","title":{"rendered":"Mesa de trabajo con la Federaci\u00f3n de Medios de Comunicaci\u00f3n"},"content":{"rendered":"\n<p><strong>Durante el lanzamiento del Manual de G\u00e9nero, se anunci\u00f3\nla creaci\u00f3n de una mesa de trabajo para ver como promover pr\u00e1cticas en pro de\nla igualdad en la cobertura de noticias<\/strong>. <\/p>\n\n\n\n<p>\u201cLlevar el Manual de G\u00e9nero a las salas de redacci\u00f3n\u201d, ese\nfue el objetivo que plante\u00f3&nbsp; Marily\nL\u00fcders, representante de la Federaci\u00f3n de Medios y directora del Diario\nFinanciero, cuando anunci\u00f3 la constituci\u00f3n de una mesa de trabajo para promover\neste tema al interior de los medios. <\/p>\n\n\n\n<p>La constituci\u00f3n de esta instancia de trabajo servir\u00e1 para\nimpulsar el tema de g\u00e9nero en los medios y contar\u00e1 con la participaci\u00f3n de directores\ny editores de medios, tanto de Santiago como tambi\u00e9n de regiones. <\/p>\n","protected":false},"excerpt":{"rendered":"<p>Durante el lanzamiento del Manual de G\u00e9nero, se anunci\u00f3 la creaci\u00f3n de una mesa de trabajo para ver como promover pr\u00e1cticas en pro de la igualdad en la cobertura de noticias. \u201cLlevar el Manual de G\u00e9nero a las salas de redacci\u00f3n\u201d, ese fue el objetivo que plante\u00f3&nbsp; Marily L\u00fcders, representante de la Federaci\u00f3n de Medios&#8230;<\/p>\n","protected":false},"author":1,"featured_media":1149,"comment_status":"closed","ping_status":"open","sticky":false,"template":"","format":"standard","meta":{"_kadence_starter_templates_imported_post":false,"_kad_post_transparent":"","_kad_post_title":"","_kad_post_layout":"","_kad_post_sidebar_id":"","_kad_post_content_style":"","_kad_post_vertical_padding":"","_kad_post_feature":"","_kad_post_feature_position":"","_kad_post_header":false,"_kad_post_footer":false,"footnotes":""},"categories":[36,2],"tags":[],"class_list":["post-1148","post","type-post","status-publish","format-standard","has-post-thumbnail","hentry","category-comunicados-de-prensa","category-noticias"],"_links":{"self":[{"href":"https:\/\/anmpe.cl\/index.php\/wp-json\/wp\/v2\/posts\/1148","targetHints":{"allow":["GET"]}}],"collection":[{"href":"https:\/\/anmpe.cl\/index.php\/wp-json\/wp\/v2\/posts"}],"about":[{"href":"https:\/\/anmpe.cl\/index.php\/wp-json\/wp\/v2\/types\/post"}],"author":[{"embeddable":true,"href":"https:\/\/anmpe.cl\/index.php\/wp-json\/wp\/v2\/users\/1"}],"replies":[{"embeddable":true,"href":"https:\/\/anmpe.cl\/index.php\/wp-json\/wp\/v2\/comments?post=1148"}],"version-history":[{"count":2,"href":"https:\/\/anmpe.cl\/index.php\/wp-json\/wp\/v2\/posts\/1148\/revisions"}],"predecessor-version":[{"id":1176,"href":"https:\/\/anmpe.cl\/index.php\/wp-json\/wp\/v2\/posts\/1148\/revisions\/1176"}],"wp:featuredmedia":[{"embeddable":true,"href":"https:\/\/anmpe.cl\/index.php\/wp-json\/wp\/v2\/media\/1149"}],"wp:attachment":[{"href":"https:\/\/anmpe.cl\/index.php\/wp-json\/wp\/v2\/media?parent=1148"}],"wp:term":[{"taxonomy":"category","embeddable":true,"href":"https:\/\/anmpe.cl\/index.php\/wp-json\/wp\/v2\/categories?post=1148"},{"taxonomy":"post_tag","embeddable":true,"href":"https:\/\/anmpe.cl\/index.php\/wp-json\/wp\/v2\/tags?post=1148"}],"curies":[{"name":"wp","href":"https:\/\/api.w.org\/{rel}","templated":true}]}}