{"id":1120,"date":"2020-10-11T17:31:21","date_gmt":"2020-10-11T21:31:21","guid":{"rendered":"https:\/\/anmpe.cl\/?p=1120"},"modified":"2022-06-22T11:34:08","modified_gmt":"2022-06-22T15:34:08","slug":"anmpe-lanza-manual-para-promover-igualdad-de-genero-en-medios-de-comunicacion","status":"publish","type":"post","link":"https:\/\/anmpe.cl\/index.php\/2020\/10\/11\/anmpe-lanza-manual-para-promover-igualdad-de-genero-en-medios-de-comunicacion\/","title":{"rendered":"ANMPE lanza manual para promover igualdad de g\u00e9nero en medios de comunicaci\u00f3n"},"content":{"rendered":"\n<p> <strong>En el encuentro online estuvo invitada la corresponsal de g\u00e9nero del diario espa\u00f1ol El Pa\u00eds.<\/strong> <\/p>\n\n\n\n<figure class=\"wp-block-embed-youtube wp-block-embed is-type-video is-provider-youtube wp-embed-aspect-16-9 wp-has-aspect-ratio\"><div class=\"wp-block-embed__wrapper\">\n<iframe loading=\"lazy\" title=\"Lanzamiento Manual de G\u00e9nero para Periodistas y Medios de comunicaci\u00f3n - ANMPE Chile\" width=\"720\" height=\"405\" src=\"https:\/\/www.youtube.com\/embed\/wrJZABsfr9U?feature=oembed\" frameborder=\"0\" allow=\"accelerometer; autoplay; clipboard-write; encrypted-media; gyroscope; picture-in-picture; web-share\" referrerpolicy=\"strict-origin-when-cross-origin\" allowfullscreen><\/iframe>\n<\/div><\/figure>\n\n\n\n<p>La Asociaci\u00f3n Nacional de Mujeres Periodistas (Anmpe), que\npreside Bernardita del Solar, dio a conocer un \u201cManual de G\u00e9nero para\nPeriodistas y Medios de comunicaci\u00f3n\u201d, que aspira a contribuir y avanzar hacia\nuna cultura m\u00e1s igualitaria en la sociedad chilena.<\/p>\n\n\n\n<p>En un encuentro online, realizado el jueves 11 de junio, se\ndio a conocer tambi\u00e9n otra iniciativa de la Anmpe en conjunto con la Federaci\u00f3n\nde Medios de Comunicaci\u00f3n. Esta consiste en el establecimiento de una mesa de\ntrabajo para avanzar en la discusi\u00f3n de los temas vinculados a la cobertura en\ntemas de g\u00e9nero y \u201cllevar el manual a las salas de redacci\u00f3n\u201d, como se\u00f1al\u00f3 la\ndirectora del Diario Financiero, Marily L\u00fcders, quien represent\u00f3 a la\nFederaci\u00f3n de Medios en esta actividad.<\/p>\n\n\n\n<p>El Manual, que est\u00e1 disponible en www.anmpe.cl, contiene una\nserie de recomendaciones para la cobertura de las noticias y pretende ayudar a\naumentar la conciencia de quienes dirigen y trabajan en los medios respecto a\nsesgos en las decisiones informativas. \u201cEl desbalance en la cobertura de g\u00e9nero\nen los medios \u2013se\u00f1ala la presidenta de la Anmpe\u2013 no s\u00f3lo se expresa en que la\nmayor parte de los puestos directivos son ocupados por hombres, como sucede en\nla mayor\u00eda de las industrias, sino tambi\u00e9n en la cobertura noticiosa y la\nmanera en que aparecen representadas las mujeres en los contenidos informativos\u201d.<\/p>\n\n\n\n<p>El lanzamiento del Manual de G\u00e9nero de la ANMPE cont\u00f3 con la\nparticipaci\u00f3n de la Corresponsal de G\u00e9nero del diario El Pa\u00eds de Espa\u00f1a, Pilar\n\u00c1lvarez, quien ilustr\u00f3 sobre los avances conseguidos en su pa\u00eds sobre esta\nmateria, especialmente luego del 08 de marzo del 2018, cuando el movimiento\nfeminista se hizo patente en las calles de Espa\u00f1a y el mundo: \u201cCuando se cre\u00f3\nel cargo de Corresponsal de G\u00e9nero en el Pa\u00eds fue con la idea de crear\nconciencia para ejercer un mejor periodismo, informar y abrir debates. Es un\ntrabajo en equipo y no se saca nada si el equipo directivo del medio no est\u00e1 de\nacuerdo\u201d.<\/p>\n\n\n\n<p>Descarga el Manual de G\u00e9nero para Periodistas y Medios de Comunicaci\u00f3n:<\/p>\n\n\n\n<div class=\"wp-block-file\"><a href=\"https:\/\/anmpe.cl\/wp-content\/uploads\/2020\/06\/Manual-de-g\u00e9nero-para-periodistas-y-medios-de-comunicaci\u00f3n-2020-2.pdf\">Manual-de-g\u00e9nero-para-periodistas-y-medios-de-comunicaci\u00f3n-2020-2<\/a><a href=\"https:\/\/anmpe.cl\/wp-content\/uploads\/2020\/06\/Manual-de-g\u00e9nero-para-periodistas-y-medios-de-comunicaci\u00f3n-2020-2.pdf\" class=\"wp-block-file__button\" download>Descarga<\/a><\/div>\n","protected":false},"excerpt":{"rendered":"<p>En el encuentro online estuvo invitada la corresponsal de g\u00e9nero del diario espa\u00f1ol El Pa\u00eds. La Asociaci\u00f3n Nacional de Mujeres Periodistas (Anmpe), que preside Bernardita del Solar, dio a conocer un \u201cManual de G\u00e9nero para Periodistas y Medios de comunicaci\u00f3n\u201d, que aspira a contribuir y avanzar hacia una cultura m\u00e1s igualitaria en la sociedad chilena&#8230;.<\/p>\n","protected":false},"author":1,"featured_media":1122,"comment_status":"closed","ping_status":"open","sticky":false,"template":"","format":"standard","meta":{"_kadence_starter_templates_imported_post":false,"_kad_post_transparent":"","_kad_post_title":"","_kad_post_layout":"","_kad_post_sidebar_id":"","_kad_post_content_style":"","_kad_post_vertical_padding":"","_kad_post_feature":"","_kad_post_feature_position":"","_kad_post_header":false,"_kad_post_footer":false,"footnotes":""},"categories":[36],"tags":[],"class_list":["post-1120","post","type-post","status-publish","format-standard","has-post-thumbnail","hentry","category-comunicados-de-prensa"],"_links":{"self":[{"href":"https:\/\/anmpe.cl\/index.php\/wp-json\/wp\/v2\/posts\/1120","targetHints":{"allow":["GET"]}}],"collection":[{"href":"https:\/\/anmpe.cl\/index.php\/wp-json\/wp\/v2\/posts"}],"about":[{"href":"https:\/\/anmpe.cl\/index.php\/wp-json\/wp\/v2\/types\/post"}],"author":[{"embeddable":true,"href":"https:\/\/anmpe.cl\/index.php\/wp-json\/wp\/v2\/users\/1"}],"replies":[{"embeddable":true,"href":"https:\/\/anmpe.cl\/index.php\/wp-json\/wp\/v2\/comments?post=1120"}],"version-history":[{"count":5,"href":"https:\/\/anmpe.cl\/index.php\/wp-json\/wp\/v2\/posts\/1120\/revisions"}],"predecessor-version":[{"id":1208,"href":"https:\/\/anmpe.cl\/index.php\/wp-json\/wp\/v2\/posts\/1120\/revisions\/1208"}],"wp:featuredmedia":[{"embeddable":true,"href":"https:\/\/anmpe.cl\/index.php\/wp-json\/wp\/v2\/media\/1122"}],"wp:attachment":[{"href":"https:\/\/anmpe.cl\/index.php\/wp-json\/wp\/v2\/media?parent=1120"}],"wp:term":[{"taxonomy":"category","embeddable":true,"href":"https:\/\/anmpe.cl\/index.php\/wp-json\/wp\/v2\/categories?post=1120"},{"taxonomy":"post_tag","embeddable":true,"href":"https:\/\/anmpe.cl\/index.php\/wp-json\/wp\/v2\/tags?post=1120"}],"curies":[{"name":"wp","href":"https:\/\/api.w.org\/{rel}","templated":true}]}}