{"id":1061,"date":"2020-01-08T14:03:53","date_gmt":"2020-01-08T18:03:53","guid":{"rendered":"https:\/\/anmpe.cl\/?p=1061"},"modified":"2021-02-08T09:49:23","modified_gmt":"2021-02-08T13:49:23","slug":"paulina-de-allende-salazar-obtiene-premio-lenka-franulic-2019","status":"publish","type":"post","link":"https:\/\/anmpe.cl\/index.php\/2020\/01\/08\/paulina-de-allende-salazar-obtiene-premio-lenka-franulic-2019\/","title":{"rendered":"Paulina De Allende-Salazar obtiene Premio Lenka Franulic 2019"},"content":{"rendered":"\n<p><a href=\"https:\/\/www.24horas.cl\/tendencias\/espectaculosycultura\/paulina-de-allende-salazar-obtiene--premio-lenka-franulic-2019-3843435\">https:\/\/www.24horas.cl\/tendencias\/espectaculosycultura\/paulina-de-allende-salazar-obtiene&#8211;premio-lenka-franulic-2019-3843435<\/a><\/p>\n\n\n\n<p>24horas.cl, 8 de enero de 2020<\/p>\n\n\n\n<p>La periodista recibir\u00e1 el galard\u00f3n que entrega todos los a\u00f1os la Asociaci\u00f3n Nacional de Mujeres Periodistas (ANMPE).<\/p>\n\n\n\n<p>La destacada periodista Paulina De Allende-Salazar fue galardonada esta ma\u00f1ana con el premio Lenka Franulic 2019, que entrega todos los a\u00f1os la Asociaci\u00f3n Nacional de Mujeres Periodistas (ANMPE).<\/p>\n\n\n\n<p>El jurado valor\u00f3 la trayectoria de la periodista formada en la Universidad Diego Portales, que trabaja hace m\u00e1s de 20 a\u00f1os  en el \u00e1rea de la investigaci\u00f3n period\u00edstica en programas como \u00abInforme Especial Especial\u00bb, \u00abEsto no tiene nombre\u00bb y el noticiario \u00ab24 Horas Central\u00bb.  <\/p>\n\n\n\n<p>El premio Lenka Franulic reconoce la trayectoria period\u00edstica y fue creado en honor a una de las periodistas m\u00e1s destacadas de Chile, redactora de la revista Ercilla y su directora en 1960, hasta su muerte, un a\u00f1o despu\u00e9s.<\/p>\n\n\n\n<p>El jurado estuvo integrado por la presidenta de la Asociaci\u00f3n Nacional de Mujeres Periodistas; la presidenta del Colegio de Periodistas; la galardonada con el Premio Lenka Franulic 2018; el Premio Nacional de Periodismo 2019; las directoras de Periodismo de la Universidad de Chile y de la Universidad Cat\u00f3lica; y el director de Periodismo de la Universidad Finis Terrae.<\/p>\n\n\n\n<p>Paulina ha realizado reportajes emblem\u00e1ticos como \u201cCaso Karadima: Las acusaciones de abuso sexual y control de conciencia en contra de uno de los sacerdotes m\u00e1s influyentes de Chile\u201d; \u201cJubilaciones millonarias en Gendarmer\u00eda de Chile\u201d, \u201cDoble sueldo de los comandantes en jefe FFAA, Director General PDI, General Director carabineros\u201d y la entrevista in\u00e9dita al l\u00edder hist\u00f3rico de la Coordinadora Arauco Malleco, CAM, H\u00e9ctor Llaitul.<\/p>\n\n\n\n<p>El reconocimiento se entregar\u00e1 el 23 de enero a las 11:00 horas en la Facultad de Comunicaciones de la Universidad Cat\u00f3lica.<\/p>\n","protected":false},"excerpt":{"rendered":"<p>La periodista recibir\u00e1 el galard\u00f3n que entrega todos los a\u00f1os la Asociaci\u00f3n Nacional de Mujeres Periodistas (ANMPE).<\/p>\n","protected":false},"author":1,"featured_media":1062,"comment_status":"closed","ping_status":"open","sticky":false,"template":"","format":"standard","meta":{"_kadence_starter_templates_imported_post":false,"_kad_post_transparent":"","_kad_post_title":"","_kad_post_layout":"","_kad_post_sidebar_id":"","_kad_post_content_style":"","_kad_post_vertical_padding":"","_kad_post_feature":"","_kad_post_feature_position":"","_kad_post_header":false,"_kad_post_footer":false,"footnotes":""},"categories":[24],"tags":[],"class_list":["post-1061","post","type-post","status-publish","format-standard","has-post-thumbnail","hentry","category-anmp-en-la-prensa"],"_links":{"self":[{"href":"https:\/\/anmpe.cl\/index.php\/wp-json\/wp\/v2\/posts\/1061","targetHints":{"allow":["GET"]}}],"collection":[{"href":"https:\/\/anmpe.cl\/index.php\/wp-json\/wp\/v2\/posts"}],"about":[{"href":"https:\/\/anmpe.cl\/index.php\/wp-json\/wp\/v2\/types\/post"}],"author":[{"embeddable":true,"href":"https:\/\/anmpe.cl\/index.php\/wp-json\/wp\/v2\/users\/1"}],"replies":[{"embeddable":true,"href":"https:\/\/anmpe.cl\/index.php\/wp-json\/wp\/v2\/comments?post=1061"}],"version-history":[{"count":2,"href":"https:\/\/anmpe.cl\/index.php\/wp-json\/wp\/v2\/posts\/1061\/revisions"}],"predecessor-version":[{"id":1064,"href":"https:\/\/anmpe.cl\/index.php\/wp-json\/wp\/v2\/posts\/1061\/revisions\/1064"}],"wp:featuredmedia":[{"embeddable":true,"href":"https:\/\/anmpe.cl\/index.php\/wp-json\/wp\/v2\/media\/1062"}],"wp:attachment":[{"href":"https:\/\/anmpe.cl\/index.php\/wp-json\/wp\/v2\/media?parent=1061"}],"wp:term":[{"taxonomy":"category","embeddable":true,"href":"https:\/\/anmpe.cl\/index.php\/wp-json\/wp\/v2\/categories?post=1061"},{"taxonomy":"post_tag","embeddable":true,"href":"https:\/\/anmpe.cl\/index.php\/wp-json\/wp\/v2\/tags?post=1061"}],"curies":[{"name":"wp","href":"https:\/\/api.w.org\/{rel}","templated":true}]}}